{"id":1038,"date":"2021-06-30T06:08:52","date_gmt":"2021-06-30T06:08:52","guid":{"rendered":"https:\/\/cor.borbolycsaba.ro\/ro\/?p=1038"},"modified":"2021-07-05T06:10:49","modified_gmt":"2021-07-05T06:10:49","slug":"liderii-regionali-si-comisia-europeana-isi-unesc-fortele-pentru-a-promova-valorile-ue-in-scoli","status":"publish","type":"post","link":"https:\/\/cor.borbolycsaba.ro\/ro\/?p=1038","title":{"rendered":"Liderii regionali \u0219i Comisia European\u0103 \u00ee\u0219i unesc for\u021bele pentru a promova valorile UE \u00een \u0219coli \u00a0"},"content":{"rendered":"<p><b>Comitetul European al Regiunilor \u0219i Comisia European\u0103 vor elabora proiecte comune pentru a sprijini predarea valorilor UE \u00een s\u0103lile de clas\u0103, cu ajutorul autorit\u0103\u021bilor locale \u0219i regionale \u0219i pe baz\u0103 de voluntariat. \u00centr-o dezbatere desf\u0103\u0219urat\u0103 \u00een cadrul sesiunii plenare cu Margaritis Schinas, vicepre\u0219edinte al Comisiei Europene responsabil cu promovarea modului nostru de via\u021b\u0103 european, liderii regionali \u0219i locali au subliniat, de asemenea, c\u0103 sistemele de \u00eenv\u0103\u021b\u0103m\u00e2nt ar trebui s\u0103 respecte \u0219i s\u0103 promoveze pe deplin libertatea, egalitatea, toleran\u021ba \u0219i nediscriminarea. Ei au subliniat, de asemenea, c\u0103 posibilitatea de a \u00eenv\u0103\u021ba despre Uniunea European\u0103, valorile sale, patrimoniul cultural \u0219i diversitatea sa este vital\u0103 \u0219i trebuie oferit\u0103 \u00een toate comunit\u0103\u021bile, pentru toate v\u00e2rstele \u0219i fiec\u0103rui cet\u0103\u021bean al UE.<\/b><span style=\"font-weight: 400;\">\u00a0<\/span><\/p>\n<p><b>Apostolos Tzitzikostas<\/b><span style=\"font-weight: 400;\"> , pre\u0219edintele Comitetului European al Regiunilor, a declarat: \u201e\u00cei mul\u021bumesc vicepre\u0219edintelui Schinas pentru excelenta dezbatere privind modalit\u0103\u021bile de a promova valorile noastre europene prin educa\u021bie \u0219i cultur\u0103. Este responsabilitatea noastr\u0103 \u2013 \u00een calitate de p\u0103rin\u021bi \u0219i de lideri \u2013 s\u0103 oferim tinerei genera\u021bii instrumentele necesare pentru a \u00een\u021belege c\u0103 UE a f\u0103cut posibil\u0103 pacea \u0219i unitatea de ast\u0103zi. Este ceea ce trebuie s\u0103 facem chiar de pe acum, dac\u0103 vrem s\u0103 avem un viitor. \u00cempreun\u0103 cu vicepre\u0219edintele Schinas \u0219i cu comisara Mariya\u00a0Gabriel, dorim s\u0103 lans\u0103m un proiect-pilot pentru promovarea valorilor noastre europene comune \u00een s\u0103lile de clas\u0103. Acest lucru se va face pe baz\u0103 voluntar\u0103 \u0219i cu respectarea deplin\u0103 a subsidiarit\u0103\u021bii, profit\u00e2nd de elanul creat de Conferin\u021ba privind viitorul Europei.\u201d\u00a0<\/span><\/p>\n<p><b>Margaritis Schinas<\/b><span style=\"font-weight: 400;\"> , vicepre\u0219edinte al Comisiei Europene, responsabil cu promovarea modului nostru de via\u021b\u0103 european, a declarat: \u201eModul nostru de via\u021b\u0103 european este pus la \u00eencercare, at\u00e2t \u00een interiorul Uniunii, c\u00e2t \u0219i \u00een afara ei. Avem nevoie ca to\u021bi cei care pledeaz\u0103 pentru respectarea demnit\u0103\u021bii umane \u00eentr-o societate caracterizat\u0103 de pluralism, nediscriminare, toleran\u021b\u0103, justi\u021bie, solidaritate \u0219i egalitate s\u0103 ia atitudine \u0219i s\u0103 treac\u0103 la ac\u021biune. M\u0103 bucur c\u0103 Comisia \u0219i Comitetul European al Regiunilor \u00ee\u0219i vor uni for\u021bele \u0219i vor \u00eendemna regiunile \u0219i ora\u0219ele din \u00eentreaga Uniune s\u0103 \u00ee\u0219i asume angajamente pentru dezvoltarea unor s\u0103li de clas\u0103 europene. Trebuie s\u0103 ne capacit\u0103m tinerii, astfel \u00eenc\u00e2t s\u0103 poat\u0103 \u00een\u021belege valorile noastre comune, istoria noastr\u0103 comun\u0103, patrimoniul nostru cultural \u0219i importan\u021ba diversit\u0103\u021bii \u0219i a pluralismului pentru modul nostru de via\u021b\u0103 european\u201d.\u00a0<\/span><\/p>\n<p><b>Anne Karjalainen<\/b><span style=\"font-weight: 400;\"> (FI-PSE), pre\u0219edinta Comisiei pentru politica social\u0103, ocuparea for\u021bei de munc\u0103, educa\u021bie, cercetare \u0219i cultur\u0103 (SEDEC) a CoR \u0219i membr\u0103 a Consiliului Local Kerava, a declarat: \u201eValorile care stau la baza Uniunii Europene reprezint\u0103 esen\u021ba identit\u0103\u021bii noastre europene comune. Din aceste valori decurg toate drepturile noastre legate de cet\u0103\u021benia european\u0103. Iat\u0103 de ce lipsa de ac\u021biune la nivel european \u00een ce prive\u0219te \u00eenc\u0103lcarea valorilor europene submineaz\u0103 proiectul european. Aceste valori ar trebui ap\u0103rate \u0219i cultivate \u00een mod semnificativ de toate sistemele educa\u021bionale europene \u0219i la toate nivelurile de educa\u021bie, de la \u00eenv\u0103\u021b\u0103m\u00e2ntul pre\u0219colar la \u00eenv\u0103\u021b\u0103m\u00e2ntul postuniversitar \u0219i profesional. Comitetul European al Regiunilor poate fi un aliat puternic \u00een acest demers.\u201d\u00a0<\/span><\/p>\n<p><span style=\"font-weight: 400;\">\u00cen timpul dezbaterii, reprezentan\u021bii locali \u0219i regionali \u0219i-au exprimat, de asemenea, \u00eengrijorarea cu privire la noua lege maghiar\u0103 care interzice referin\u021bele LGBTIQ pentru minori. Comitetul European al Regiunilor \u00ee\u0219i va adopta pozi\u021bia cu privire la <\/span><a href=\"https:\/\/ec.europa.eu\/info\/policies\/justice-and-fundamental-rights\/combatting-discrimination\/lesbian-gay-bi-trans-and-intersex-equality\/lgbtiq-equality-strategy-2020-2025_ro\"><b>Strategia Comisiei Europene privind egalitatea pentru persoanele LGBTIQ<\/b> <\/a><span style=\"font-weight: 400;\">\u00een luna octombrie. <\/span><a href=\"https:\/\/cor.europa.eu\/ro\/our-work\/Pages\/OpinionTimeline.aspx?opId=CDR-5861-2020\"><b>Proiectul de aviz<\/b> <\/a><span style=\"font-weight: 400;\">pe aceast\u0103 tem\u0103, elaborat de Kate Feeney (IE-Renew E.), membr\u0103 a Consiliului Comitatului Dun Laoghaire Rathdown, a fost adoptat de c\u0103tre Comisia SEDEC \u00een aprilie. Avizul subliniaz\u0103 rolul educa\u021biei sexuale universale \u00een combaterea stereotipurilor \u0219i a discrimin\u0103rii \u0219i \u00een promovarea diversit\u0103\u021bii.\u00a0<\/span><\/p>\n<p><b>Informa\u021bii suplimentare:<\/b><span style=\"font-weight: 400;\">\u00a0<\/span><\/p>\n<p><a href=\"https:\/\/cor.europa.eu\/en\/events\/Documents\/SEDEC\/Action_Plan_EC_CoR_November_2020.pdf\"><b>Planul comun de ac\u021biune<\/b> <\/a><span style=\"font-weight: 400;\">semnat de CoR \u0219i de serviciile comisarei Mariya\u00a0Gabriel \u00een noiembrie 2020 stabile\u0219te obiectivul de a promova \u00eempreun\u0103 valorile \u0219i identit\u0103\u021bile europene \u0219i cet\u0103\u021benia european\u0103 prin educa\u021bie \u0219i cultur\u0103 la nivel regional \u0219i local. Concret, acest lucru ar putea \u00eensemna elaborarea de materiale didactice inovatoare cu privire la valorile europene \u0219i diversitatea european\u0103, dezvoltarea de campanii educa\u021bionale sau crearea de re\u021bele ale autorit\u0103\u021bilor locale \u0219i regionale.\u00a0<\/span><\/p>\n<p><span style=\"font-weight: 400;\">CoR a adoptat un aviz pe tema <\/span><a href=\"https:\/\/cor.europa.eu\/ro\/activities\/opinions\/pages\/opinion-factsheet.aspx?OpinionNumber=CDR%206048\/2017\"><b>\u201eConsolidarea identit\u0103\u021bii europene prin educa\u021bie \u0219i cultur\u0103\u201d<\/b> <\/a><span style=\"font-weight: 400;\">(raportoare: Tanya\u00a0Hristova, BG-PPE) \u00een 2018. Avizul recomand\u0103 promovarea \u00eenv\u0103\u021b\u0103rii limbilor str\u0103ine de la o v\u00e2rst\u0103 fraged\u0103 \u0219i familiarizarea elevilor cu un patrimoniu cultural european comun, cu istoria european\u0103 \u0219i cu procesele de integrare european\u0103.\u00a0<\/span><\/p>\n<p>&nbsp;<\/p>\n","protected":false},"excerpt":{"rendered":"<p>Comitetul European al Regiunilor \u0219i Comisia European\u0103 vor elabora proiecte comune pentru a sprijini predarea valorilor UE \u00een s\u0103lile de clas\u0103, cu ajutorul autorit\u0103\u021bilor locale \u0219i regionale \u0219i pe baz\u0103 de voluntariat. \u00centr-o dezbatere desf\u0103\u0219urat\u0103 \u00een cadrul sesiunii plenare cu Margaritis Schinas, vicepre\u0219edinte al Comisiei Europene responsabil cu promovarea modului nostru de via\u021b\u0103 european, liderii [&hellip;]<\/p>\n","protected":false},"author":1,"featured_media":1039,"comment_status":"open","ping_status":"closed","sticky":false,"template":"","format":"standard","meta":{"_bbp_topic_count":0,"_bbp_reply_count":0,"_bbp_total_topic_count":0,"_bbp_total_reply_count":0,"_bbp_voice_count":0,"_bbp_anonymous_reply_count":0,"_bbp_topic_count_hidden":0,"_bbp_reply_count_hidden":0,"_bbp_forum_subforum_count":0,"footnotes":""},"categories":[84],"tags":[],"_links":{"self":[{"href":"https:\/\/cor.borbolycsaba.ro\/ro\/index.php?rest_route=\/wp\/v2\/posts\/1038"}],"collection":[{"href":"https:\/\/cor.borbolycsaba.ro\/ro\/index.php?rest_route=\/wp\/v2\/posts"}],"about":[{"href":"https:\/\/cor.borbolycsaba.ro\/ro\/index.php?rest_route=\/wp\/v2\/types\/post"}],"author":[{"embeddable":true,"href":"https:\/\/cor.borbolycsaba.ro\/ro\/index.php?rest_route=\/wp\/v2\/users\/1"}],"replies":[{"embeddable":true,"href":"https:\/\/cor.borbolycsaba.ro\/ro\/index.php?rest_route=%2Fwp%2Fv2%2Fcomments&post=1038"}],"version-history":[{"count":1,"href":"https:\/\/cor.borbolycsaba.ro\/ro\/index.php?rest_route=\/wp\/v2\/posts\/1038\/revisions"}],"predecessor-version":[{"id":1040,"href":"https:\/\/cor.borbolycsaba.ro\/ro\/index.php?rest_route=\/wp\/v2\/posts\/1038\/revisions\/1040"}],"wp:featuredmedia":[{"embeddable":true,"href":"https:\/\/cor.borbolycsaba.ro\/ro\/index.php?rest_route=\/wp\/v2\/media\/1039"}],"wp:attachment":[{"href":"https:\/\/cor.borbolycsaba.ro\/ro\/index.php?rest_route=%2Fwp%2Fv2%2Fmedia&parent=1038"}],"wp:term":[{"taxonomy":"category","embeddable":true,"href":"https:\/\/cor.borbolycsaba.ro\/ro\/index.php?rest_route=%2Fwp%2Fv2%2Fcategories&post=1038"},{"taxonomy":"post_tag","embeddable":true,"href":"https:\/\/cor.borbolycsaba.ro\/ro\/index.php?rest_route=%2Fwp%2Fv2%2Ftags&post=1038"}],"curies":[{"name":"wp","href":"https:\/\/api.w.org\/{rel}","templated":true}]}}