{"id":1029,"date":"2021-06-04T13:02:10","date_gmt":"2021-06-04T13:02:10","guid":{"rendered":"https:\/\/cor.borbolycsaba.ro\/ro\/?p=1029"},"modified":"2021-06-14T13:03:01","modified_gmt":"2021-06-14T13:03:01","slug":"comisia-europeana-si-comitetul-european-al-regiunilor-lanseaza-%e2%80%8e-platforma-partilor-interesate-privind-reducerea-la-zero-a-poluarii","status":"publish","type":"post","link":"https:\/\/cor.borbolycsaba.ro\/ro\/?p=1029","title":{"rendered":"Comisia European\u0103 \u0219i Comitetul European al Regiunilor lanseaz\u0103 \u200e Platforma p\u0103r\u021bilor interesate privind reducerea la zero a polu\u0103rii\u00a0\u00a0"},"content":{"rendered":"<p><span style=\"font-weight: 400;\">Ast\u0103zi, Comisia European\u0103 \u0219i Comitetul European al Regiunilor au lansat Platforma p\u0103r\u021bilor interesate pentru a ajuta la punerea \u00een aplicare a <\/span><a href=\"https:\/\/ec.europa.eu\/environment\/pdf\/zero-pollution-action-plan\/communication_ro.pdf\"><b>Planului de ac\u021biune privind reducerea la zero a polu\u0103rii apei, aerului \u0219i solului<\/b> <\/a><span style=\"font-weight: 400;\">. Planul de ac\u021biune \u2013 un rezultat esen\u021bial al <\/span><a href=\"https:\/\/ec.europa.eu\/info\/strategy\/priorities-2019-2024\/european-green-deal_ro\"><b>Pactului verde european<\/b> <\/a><span style=\"font-weight: 400;\">\u0219i principalul subiect al <\/span><a href=\"https:\/\/www.eugreenweek.eu\/\"><b>S\u0103pt\u0103m\u00e2nii verzi a UE<\/b> <\/a><span style=\"font-weight: 400;\">din acest an \u2013 a fost adoptat la 12 mai 2021. Planul stabile\u0219te o viziune integrat\u0103 pentru 2050 de reducere a polu\u0103rii la niveluri care nu mai sunt d\u0103un\u0103toare pentru s\u0103n\u0103tatea uman\u0103 \u0219i ecosistemele naturale, precum \u0219i \u021binte intermediare pentru 2030 \u0219i ac\u021biuni concrete pentru atingerea obiectivelor.\u00a0<\/span><\/p>\n<p><span style=\"font-weight: 400;\">Ora\u0219ele \u0219i regiunile joac\u0103 un rol esen\u021bial \u00een transpunerea acestei viziuni \u00een ac\u021biuni pe teren. Reducerea polu\u0103rii necesit\u0103 alegeri ecologice \u00een ce prive\u0219te mobilitatea regional\u0103 \u0219i urban\u0103 \u0219i energia, investi\u021biile \u00een cl\u0103diri \u0219i infrastructur\u0103, precum \u0219i amenajarea teritoriului \u00een general. Toate aceste decizii au un impact asupra s\u0103n\u0103t\u0103\u021bii \u0219i bun\u0103st\u0103rii cet\u0103\u021benilor.\u00a0<\/span><\/p>\n<p><span style=\"font-weight: 400;\">Comisarul pentru mediu, oceane \u0219i pescuit, <\/span><b>Virginijus\u00a0Sinkevi\u010dius<\/b><span style=\"font-weight: 400;\"> , a declarat: <\/span><i><span style=\"font-weight: 400;\">\u201eOra\u0219ele \u0219i regiunile se afl\u0103 \u00een avangarda punerii \u00een aplicare a politicilor legate de poluare \u0219i sunt vectori majori ai tranzi\u021biei verzi. Multe dintre ele g\u0103sesc deja solu\u021bii inovatoare pentru a-\u0219i cur\u0103\u021ba aerul, apa \u0219i solul \u0219i pentru a \u00eencuraja modele mai durabile de produc\u021bie \u0219i consum. Am pl\u0103cerea s\u0103 colaborez cu Comitetul European al Regiunilor la crearea acestei noi platforme destinate schimbului de astfel de idei pozitive \u0219i sprijinirii obiectivelor de reducere a polu\u0103rii la zero pe teren.\u201d<\/span><\/i><span style=\"font-weight: 400;\">\u00a0<\/span><\/p>\n<p><span style=\"font-weight: 400;\">Pre\u0219edintele Comitetului European al Regiunilor \u0219i guvernatorul regiunii Macedonia Central\u0103 din Grecia, <\/span><b>Apostolos\u00a0Tzitzikostas<\/b><span style=\"font-weight: 400;\"> , a declarat, salut\u00e2nd crearea platformei: <\/span><i><span style=\"font-weight: 400;\">\u201eAvem cu to\u021bii responsabilitatea de a ac\u021biona pentru a ne proteja mediul, l\u0103s\u00e2nd \u00een urma noastr\u0103 viitorul sigur \u0219i s\u0103n\u0103tos pe care \u00eel merit\u0103 copiii no\u0219tri \u0219i planeta noastr\u0103. Guvernele, \u00eentreprinderile \u0219i p\u0103r\u021bile interesate trebuie s\u0103 se reuneasc\u0103 pentru a opri poluarea apei, aerului \u0219i solului. Pentru aceasta este nevoie de ac\u021biuni de conducere la nivel local, context \u00een care Comitetul European al Regiunilor \u00ee\u0219i exprim\u0103 satisfac\u021bia cu privire la lansarea, \u00eempreun\u0103 cu Comisia European\u0103, a Platformei p\u0103r\u021bilor interesate privind reducerea la zero a polu\u0103rii.\u201d<\/span><\/i><span style=\"font-weight: 400;\">\u00a0<\/span><\/p>\n<p><b>Vasco Alves Cordeiro<\/b><span style=\"font-weight: 400;\"> , prim-vicepre\u0219edinte al Comitetului European al Regiunilor \u0219i membru al Parlamentului Regiunii Azore, a participat la evenimentul de lansare a Platformei p\u0103r\u021bilor interesate privind reducerea la zero a polu\u0103rii, ocazie cu care a afirmat: <\/span><i><span style=\"font-weight: 400;\">\u201eAutorit\u0103\u021bile locale \u0219i regionale sunt responsabile de punerea \u00een aplicare a 70\u00a0% din politicile UE, 70\u00a0% din m\u0103surile de atenuare a schimb\u0103rilor climatice \u0219i p\u00e2n\u0103 la 90\u00a0% din m\u0103surile de adaptare la schimb\u0103rile climatice. Planul de ac\u021biune privind reducerea la zero a polu\u0103rii este esen\u021bial pentru salvarea de vie\u021bi omene\u0219ti \u0219i crearea unui viitor mai durabil. Platforma dedicat\u0103 acestuia va contribui la transpunerea obiectivelor europene \u00een realit\u0103\u021bi locale \u0219i regionale, deoarece regiunile \u0219i ora\u0219ele sunt mai \u00een m\u0103sur\u0103 s\u0103 evalueze eficacitatea m\u0103surilor \u0219i \u00eendeplinirea obiectivelor. Pentru a fi un succes, acesta va trebui s\u0103 fie un proces deschis \u0219i favorabil incluziunii, care s\u0103 mobilizeze cet\u0103\u021benii, IMM-urile, \u00eentreprinderile, mi\u0219c\u0103rile sociale \u0219i institu\u021biile de cercetare. Explorarea sinergiilor \u0219i asigurarea coeziunii teritoriale sunt esen\u021biale.\u201d<\/span><\/i><span style=\"font-weight: 400;\">\u00a0<\/span><\/p>\n<p><span style=\"font-weight: 400;\">Platforma p\u0103r\u021bilor interesate privind reducerea la zero a polu\u0103rii va contribui la realizarea ini\u021biativelor \u0219i ac\u021biunilor emblematice prev\u0103zute \u00een Planul de ac\u021biune privind reducerea la zero a polu\u0103rii,\u00a0<\/span><\/p>\n<p><span style=\"font-weight: 400;\">\u2212 reunind actori din diferite comunit\u0103\u021bi \u0219i domenii de expertiz\u0103 pentru a aborda provoc\u0103rile interdependente, de exemplu consolidarea unei agende comune \u00een materie de mediu \u0219i s\u0103n\u0103tate;\u00a0<\/span><\/p>\n<p><span style=\"font-weight: 400;\">\u2212 definind o viziune comun\u0103 asupra modului de realizare a obiectivelor de reducere la zero a polu\u0103rii;\u00a0<\/span><\/p>\n<p><span style=\"font-weight: 400;\">\u2212 dezvolt\u00e2nd \u0219i f\u0103c\u00e2nd schimb de bune practici cu privire la subiecte transversale, cum ar fi finan\u021barea pentru inovare \u0219i crearea de locuri de munc\u0103 \u00een condi\u021bii de poluare zero, stimularea produc\u021biei \u0219i consumului durabile \u0219i crearea de platforme tematice, cum ar fi centrul tehnologic pentru aer curat ( <\/span><i><span style=\"font-weight: 400;\">Clean Air Tech Hub<\/span><\/i><span style=\"font-weight: 400;\"> ).\u00a0<\/span><\/p>\n<p><span style=\"font-weight: 400;\">Lansarea a fost anun\u021bat\u0103 \u00een cadrul sesiunii de \u00eenchidere a <\/span><a href=\"https:\/\/www.eugreenweek.eu\/\"><b>S\u0103pt\u0103m\u00e2nii verzi a UE<\/b> <\/a><span style=\"font-weight: 400;\">din acest an, cea mai mare manifestare anual\u0103 privind politica de mediu a UE, care a reunit peste 3\u00a0000 de participan\u021bi din \u00eentreaga UE pentru a discuta despre reducerea la zero a polu\u0103rii din numeroasele sale unghiuri de vedere, \u00een cadrul conferin\u021bei principale de la Bruxelles, online, \u0219i \u00een cadrul a peste 600 de evenimente organizate de parteneri \u00een \u00eentreaga Europ\u0103. S\u0103pt\u0103m\u00e2na verde a UE a fost lansat\u0103 luni, 31 mai 2021, la Lahti, Capitala european\u0103 verde \u00een 2021.\u00a0<\/span><\/p>\n<p><b>Context<\/b><span style=\"font-weight: 400;\">\u00a0<\/span><\/p>\n<p><span style=\"font-weight: 400;\">Poluarea este principalul factor de mediu care cauzeaz\u0103 boli psihice \u0219i fizice, precum \u0219i decese premature, \u00een special \u00een r\u00e2ndul grupurilor vulnerabile, cum ar fi copiii, persoanele cu anumite afec\u021biuni medicale \u0219i genera\u021biile mai \u00een v\u00e2rst\u0103. Persoanele care tr\u0103iesc \u00een zone mai defavorizate tr\u0103iesc adesea \u00een apropierea unor situri contaminate sau \u00een zone cu trafic intens. Poluarea este, de asemenea, unul dintre principalele motive ale pierderii biodiversit\u0103\u021bii, diminu\u00e2nd capacitatea ecosistemelor de a asigura servicii precum sechestrarea carbonului \u0219i decontaminarea aerului \u0219i a apei.\u00a0<\/span><\/p>\n<p><span style=\"font-weight: 400;\">Ora\u0219ele sunt afectate \u00een mod deosebit de poluare. Mai mult de 100 de ora\u0219e din UE nu respect\u0103 \u00eenc\u0103 standardele UE privind calitatea aerului. \u00cen ciuda \u00eembun\u0103t\u0103\u021birilor \u00een ceea ce prive\u0219te respectarea normelor legate de tratarea apelor urbane reziduale, exist\u0103 \u00eenc\u0103 ape uzate provenite de la aproximativ 37 de milioane de persoane, care nu sunt tratate \u00een mod corespunz\u0103tor, 7 dintre capitalele statelor membre ale UE ne\u00eendeplinind cerin\u021bele minime. Pentru a garanta o tratare corespunz\u0103toare a apelor reziduale vor fi necesare investi\u021bii de peste 200 miliarde EUR \u00een urm\u0103torii ani.\u00a0<\/span><\/p>\n<p><span style=\"font-weight: 400;\">S\u0103pt\u0103m\u00e2na verde a UE a fost prima manifestare major\u0103 a p\u0103r\u021bilor interesate organizat\u0103 cu privire la reducerea la zero a polu\u0103rii dup\u0103 adoptarea Planului de ac\u021biune \u00een acest domeniu. Platforma p\u0103r\u021bilor interesate privind reducerea la zero a polu\u0103rii va continua activitatea pornind de la aceste schimburi. Comisia \u0219i Comitetul European al Regiunilor vor ini\u021bia activit\u0103\u021bi p\u00e2n\u0103 la sf\u00e2r\u0219itul anului, prin lansarea unui apel la manifestarea interesului prin care s\u0103 asigure o participare ampl\u0103 \u0219i s\u0103 se concentreze pe principalele teme de ac\u021biune comun\u0103. Platforma p\u0103r\u021bilor interesate privind reducerea la zero a polu\u0103rii va stabili, de asemenea, sinergii cu alte ini\u021biative relevante, cum ar fi <\/span><a href=\"https:\/\/ec.europa.eu\/clima\/policies\/eu-climate-action\/pact_ro\"><b>Pactul climatic european<\/b> <\/a><span style=\"font-weight: 400;\">\u0219i <\/span><a href=\"https:\/\/circulareconomy.europa.eu\/platform\/\"><b>Platforma p\u0103r\u021bilor interesate privind economia circular\u0103<\/b> <\/a><span style=\"font-weight: 400;\">.\u00a0<\/span><\/p>\n<p><b>Pentru informa\u021bii suplimentare\u00a0<\/b><\/p>\n<p><a href=\"https:\/\/ec.europa.eu\/environment\/pdf\/zero-pollution-action-plan\/communication_ro.pdf\"><b>Comunicarea referitoare la Planul de ac\u021biune al UE privind reducerea la zero a polu\u0103rii apei, aerului \u0219i solului<\/b><span style=\"font-weight: 400;\">\u00a0<\/span><\/a><\/p>\n<p><a href=\"https:\/\/ec.europa.eu\/environment\/strategy\/zero-pollution-action-plan_ro\"><b>Pagina de internet a Planului de ac\u021biune pentru reducerea la zero a polu\u0103rii<\/b><span style=\"font-weight: 400;\">\u00a0<\/span><\/a><\/p>\n<p><a href=\"https:\/\/www.eugreenweek.eu\/\"><b>S\u0103pt\u0103m\u00e2na verde a UE, edi\u021bia 2021, dedicat\u0103 reducerii la zero a polu\u0103rii<\/b><span style=\"font-weight: 400;\">\u00a0<\/span><\/a><\/p>\n<p><span style=\"font-weight: 400;\">Ini\u021biativa <\/span><a href=\"https:\/\/cor.europa.eu\/ro\/engage\/Pages\/green-deal.aspx?utm_source=SharedLink&amp;utm_medium=ShortURL&amp;utm_campaign=Green%20Deal%20Going%20Local\"><b>Pactul verde la nivel local<\/b> <\/a><span style=\"font-weight: 400;\">a Comitetului European al Regiunilor\u00a0<\/span><\/p>\n<p><span style=\"font-weight: 400;\">Dac\u0103 ave\u021bi \u00eentreb\u0103ri privind Platforma p\u0103r\u021bilor interesate privind reducerea la zero a polu\u0103rii, le pute\u021bi adresa la:\u00a0<\/span><\/p>\n<p><a href=\"&#x6d;&#x61;&#x69;&#x6c;&#x74;&#x6f;&#x3a;&#69;&#78;&#86;-ZERO-&#x50;&#x4f;&#x4c;&#x4c;&#x55;&#x54;&#x49;&#x4f;&#78;&#64;ec.euro&#x70;&#x61;&#x2e;&#x65;&#x75;\"><b>&#x45;N&#x56;-&#x5a;&#69;R&#x4f;-&#x50;&#79;L&#x4c;U&#x54;&#73;O&#x4e;&#64;&#x65;c&#x2e;&#x65;u&#x72;o&#x70;&#97;.&#x65;u<\/b><span style=\"font-weight: 400;\">\u00a0<\/span><\/a><\/p>\n<p>&nbsp;<\/p>\n","protected":false},"excerpt":{"rendered":"<p>Ast\u0103zi, Comisia European\u0103 \u0219i Comitetul European al Regiunilor au lansat Platforma p\u0103r\u021bilor interesate pentru a ajuta la punerea \u00een aplicare a Planului de ac\u021biune privind reducerea la zero a polu\u0103rii apei, aerului \u0219i solului . Planul de ac\u021biune \u2013 un rezultat esen\u021bial al Pactului verde european \u0219i principalul subiect al S\u0103pt\u0103m\u00e2nii verzi a UE din [&hellip;]<\/p>\n","protected":false},"author":1,"featured_media":1030,"comment_status":"open","ping_status":"closed","sticky":false,"template":"","format":"standard","meta":{"_bbp_topic_count":0,"_bbp_reply_count":0,"_bbp_total_topic_count":0,"_bbp_total_reply_count":0,"_bbp_voice_count":0,"_bbp_anonymous_reply_count":0,"_bbp_topic_count_hidden":0,"_bbp_reply_count_hidden":0,"_bbp_forum_subforum_count":0,"footnotes":""},"categories":[84],"tags":[],"_links":{"self":[{"href":"https:\/\/cor.borbolycsaba.ro\/ro\/index.php?rest_route=\/wp\/v2\/posts\/1029"}],"collection":[{"href":"https:\/\/cor.borbolycsaba.ro\/ro\/index.php?rest_route=\/wp\/v2\/posts"}],"about":[{"href":"https:\/\/cor.borbolycsaba.ro\/ro\/index.php?rest_route=\/wp\/v2\/types\/post"}],"author":[{"embeddable":true,"href":"https:\/\/cor.borbolycsaba.ro\/ro\/index.php?rest_route=\/wp\/v2\/users\/1"}],"replies":[{"embeddable":true,"href":"https:\/\/cor.borbolycsaba.ro\/ro\/index.php?rest_route=%2Fwp%2Fv2%2Fcomments&post=1029"}],"version-history":[{"count":1,"href":"https:\/\/cor.borbolycsaba.ro\/ro\/index.php?rest_route=\/wp\/v2\/posts\/1029\/revisions"}],"predecessor-version":[{"id":1031,"href":"https:\/\/cor.borbolycsaba.ro\/ro\/index.php?rest_route=\/wp\/v2\/posts\/1029\/revisions\/1031"}],"wp:featuredmedia":[{"embeddable":true,"href":"https:\/\/cor.borbolycsaba.ro\/ro\/index.php?rest_route=\/wp\/v2\/media\/1030"}],"wp:attachment":[{"href":"https:\/\/cor.borbolycsaba.ro\/ro\/index.php?rest_route=%2Fwp%2Fv2%2Fmedia&parent=1029"}],"wp:term":[{"taxonomy":"category","embeddable":true,"href":"https:\/\/cor.borbolycsaba.ro\/ro\/index.php?rest_route=%2Fwp%2Fv2%2Fcategories&post=1029"},{"taxonomy":"post_tag","embeddable":true,"href":"https:\/\/cor.borbolycsaba.ro\/ro\/index.php?rest_route=%2Fwp%2Fv2%2Ftags&post=1029"}],"curies":[{"name":"wp","href":"https:\/\/api.w.org\/{rel}","templated":true}]}}