{"id":1025,"date":"2021-05-12T06:11:20","date_gmt":"2021-05-12T06:11:20","guid":{"rendered":"https:\/\/cor.borbolycsaba.ro\/ro\/?p=1025"},"modified":"2021-05-12T06:11:20","modified_gmt":"2021-05-12T06:11:20","slug":"cor-este-pregatit-sa-organizeze-conferinta-privind-viitorul-ue-in-regiuni-orase-si-sate-pentru-a-construi-o-europa-mai-buna-care-sa-raspunda-nevoilor-cetatenilor","status":"publish","type":"post","link":"https:\/\/cor.borbolycsaba.ro\/ro\/?p=1025","title":{"rendered":"CoR este preg\u0103tit s\u0103 organizeze Conferin\u021ba privind viitorul UE \u00een regiuni, ora\u0219e \u0219i sate, pentru a construi o Europ\u0103 mai bun\u0103, care s\u0103 r\u0103spund\u0103 nevoilor cet\u0103\u021benilor\u00a0"},"content":{"rendered":"<p><em>Grupul la nivel \u00eenalt privind democra\u021bia european\u0103, prezidat de Herman Von Rompuy, va sprijini CoR \u00een demersul s\u0103u de face auzit\u0103 vocea nivelului local \u0219i regional \u0219i de a-i da influen\u021ba meritat\u0103.<\/em><\/p>\n<p>Liderii locali \u0219i regionali au adoptat o rezolu\u021bie referitoare la Conferin\u021ba privind viitorul Europei (conferin\u021ba) \u00een cadrul celei de-a 144-a sesiuni plenare a CoR \u0219i au dezb\u0103tut cu dl Herman van Rompuy, fost pre\u0219edinte al Consiliului European \u0219i pre\u0219edintele Grupului la nivel \u00eenalt privind democra\u021bia european\u0103, recent \u00eenfiin\u021bat, despre perspectiva CoR asupra viitorului Europei \u0219i participarea CoR la conferin\u021b\u0103. Grupul la nivel \u00eenalt \u2013 un organism consultativ independent a c\u0103rui misiune este de a sprijini CoR \u2013 va furniza o analiz\u0103 politic\u0103 strategic\u0103, concentr\u00e2ndu-se asupra provoc\u0103rilor cu care se confrunt\u0103 autorit\u0103\u021bile locale \u0219i regionale. Grupul va colabora \u00eendeaproape cu membrii CoR, \u00een special cu Conferin\u021ba pre\u0219edin\u021bilor \u0219i cu membrii delega\u021biei CoR la conferin\u021b\u0103.<\/p>\n<p>Pre\u0219edintele CoR, Apostolos Tzitzikostas a declarat: \u201eConferin\u021ba privind viitorul Europei ofer\u0103 cet\u0103\u021benilor \u0219i autorit\u0103\u021bilor lor locale \u0219i regionale o ocazie unic\u0103. Liderii locali \u0219i regionali sunt nu doar actori esen\u021biali \u00een ce prive\u0219te eliminarea decalajului dintre europeni \u0219i institu\u021biile lor comune, ci de\u021bin \u0219i instrumente eficiente pentru \u00eembog\u0103\u021birea esen\u021bei democratice a Uniunii. Consider c\u0103 dispozi\u021biile existente ale Tratatului permit \u00eembun\u0103t\u0103\u021birea guvernan\u021bei \u0219i o mai bun\u0103 legiferare. CoR, cu sprijinul Grupului la nivel \u00eenalt privind democra\u021bia, condus de pre\u0219edintele Van Rompuy, va profita de aceast\u0103 ocazie pentru a crea cele mai bune instrumente pentru o Uniune mai bun\u0103, care trebuie s\u0103 fie \u00een m\u0103sur\u0103 s\u0103 ac\u021bioneze, s\u0103 reac\u021bioneze, s\u0103 protejeze, s\u0103 capaciteze \u0219i s\u0103 ob\u021bin\u0103 rezultate corespunz\u0103toare nevoilor exprimate de cet\u0103\u021benii s\u0103i. Comitetul nostru a pus accentul pe dimensiunea teritorial\u0103 a conferin\u021bei, urm\u0103rind s\u0103 confere nivelului local \u0219i regional posibilitatea de a-\u0219i face auzit\u0103 vocea \u0219i influen\u021ba pe care o merit\u0103 \u00een acest proces important. Dialogul nostru local de la Strasbourg din 9 mai a marcat dimensiunea teritorial\u0103 a conferin\u021bei, care trebuie s\u0103 ajung\u0103 mai departe de Bruxelles \u0219i de capitale.\u201d<\/p>\n<p>Herman Van Rompuy , pre\u0219edintele Grupului la nivel \u00eenalt al CoR privind democra\u021bia european\u0103 a spus: \u201eDemocra\u021bia european\u0103 prive\u0219te toate nivelurile de guvernan\u021b\u0103. Ea este at\u00e2t o valoare \u00een sine, c\u00e2t \u0219i un catalizator al unei Europe care protejeaz\u0103 \u0219i capaciteaz\u0103. Democra\u021bia trebuie s\u0103 dea rezultate \u0219i s\u0103 r\u0103spund\u0103 nevoilor cet\u0103\u021benilor, de aceast\u0103 capacitate de a ob\u021bine rezultate depinde \u00eens\u0103\u0219i existen\u021ba UE. Democra\u021bia traverseaz\u0103 o criz\u0103 la nivel mondial, european, precum \u0219i \u00een statele membre. Ea func\u021bioneaz\u0103 cel mai bine la nivel regional \u0219i local, unde este cel mai str\u00e2ns legat\u0103 de nevoile cet\u0103\u021benilor, are tradi\u021bia cea mai \u00eendelungat\u0103 \u0219i se bucur\u0103 de cel mai \u00eenalt nivel de \u00eencredere. \u00centr-o perioad\u0103 marcat\u0103 de revolu\u021bia digital\u0103 \u0219i de schimb\u0103ri \u00een societate, democra\u021bia trebuie, la r\u00e2ndul ei, s\u0103 se reinventeze, s\u0103 se \u00eembun\u0103t\u0103\u021beasc\u0103 \u0219i s\u0103 se modernizeze la toate nivelurile. Conferin\u021ba privind viitorul Europei ofer\u0103 ocazia de a extinde acest proces de reflec\u021bie la nivelul \u00eentregii Uniuni, iar Grupul la nivel \u00eenalt al CoR privind democra\u021bia european\u0103, pe care am pl\u0103cerea s\u0103 \u00eel prezidez, va analiza modalit\u0103\u021bile de a implica mai str\u00e2ns autorit\u0103\u021bile locale \u0219i regionale, care au rol de elemente constitutive \u00een consolidarea \u0219i \u00eembun\u0103t\u0103\u021birea democra\u021biei europene \u00een mod ascendent. Valoarea noastr\u0103 ad\u0103ugat\u0103 va consta \u00een c\u0103utarea unor solu\u021bii originale \u0219i inovatoare care s\u0103 func\u021bioneze, viz\u00e2nd rezultate care s\u0103 garanteze c\u0103 UE \u00ee\u0219i \u00eendepline\u0219te promisiunile \u0219i obiectivele prin intermediul autorit\u0103\u021bilor locale \u0219i regionale \u0219i al CoR. \u201d<\/p>\n<p><strong>Context:<\/strong><\/p>\n<p>Comitetul European al Regiunilor se angajeaz\u0103 s\u0103 contribuie la Conferin\u021ba privind viitorul Europei \u00een patru moduri. \u00cen primul r\u00e2nd, CoR este reprezentat \u00een comitetul executiv al conferin\u021bei. \u00cen cadrul acestui organism, ca parte a sarcinii ini\u021biale de definire a structurilor conferin\u021bei, CoR depune eforturi pentru a se asigura c\u0103 sesiunea plenar\u0103 a conferin\u021bei se bazeaz\u0103 pe fundamente democratice solide \u0219i include un num\u0103r adecvat de reprezentan\u021bi ale\u0219i din parlamentele \u0219i consiliile regionale \u0219i locale, al\u0103turi de reprezentan\u021bi ai Parlamentului European \u0219i ai parlamentelor na\u021bionale. \u00cen al doilea r\u00e2nd, CoR organizeaz\u0103 dialoguri locale \u00een statele membre pentru a contribui la desf\u0103\u0219urarea conferin\u021bei la nivelul \u00eentregii UE \u0219i pentru a include contribu\u021biile cet\u0103\u021benilor \u00een lucr\u0103rile conferin\u021bei. \u00cen al treilea r\u00e2nd, CoR va organiza o serie de dezbateri \u00een cadrul sesiunilor sale plenare \u0219i al \u0219edin\u021belor comisiilor \u0219i va adopta avize pe teme relevante pentru activitatea conferin\u021bei pe tot parcursul mandatului s\u0103u. Urm\u0103toarea S\u0103pt\u0103m\u00e2n\u0103 european\u0103 a regiunilor \u0219i ora\u0219elor \u0219i summitul CoR de la Marsilia vor fi momente esen\u021biale ale acestui proces. \u00cenfiin\u021barea Grupului la nivel \u00eenalt este al patrulea element al activit\u0103\u021bii CoR de promovare a dimensiunii teritoriale a conferin\u021bei, cu scopul de a consolida democra\u021bia european\u0103.<\/p>\n<p>Chiar \u00eenainte de lansarea, cu ocazia Zilei Europei, a Conferin\u021bei privind viitorul Europei de c\u0103tre cele trei institu\u021bii, Comisia European\u0103, Parlamentul European \u0219i Consiliul UE, \u0219i pentru a marca necesitatea dimensiunii teritoriale a conferin\u021bei, CoR a organizat un dialog local la 9 mai la Strasbourg cu cele trei asocia\u021bii teritoriale franceze, delega\u021bia francez\u0103 a CoR, administra\u021bia ora\u0219ului Strasbourg \u0219i cu reprezentan\u021bi ale\u0219i \u0219i cet\u0103\u021beni din regiunile, ora\u0219ele \u0219i satele din \u00eentreaga Uniune European\u0103.<\/p>\n<p>Crearea Grupului la nivel \u00eenalt privind democra\u021bia european\u0103 a fost aprobat\u0103 de Biroul CoR \u00een decembrie 2020, \u00een urma unei propuneri a Conferin\u021bei pre\u0219edin\u021bilor CoR. Grupul la nivel \u00eenalt este alc\u0103tuit din \u0219apte femei \u0219i b\u0103rba\u021bi \u201e\u00een\u021belep\u021bi\u201d din Europa:<\/p>\n<p>Herman Van Rompuy , fost prim-ministru al Belgiei \u0219i pre\u0219edinte emerit al Consiliului European;<\/p>\n<p>Joaquin Almunia , fost comisar european pentru concuren\u021b\u0103 \u0219i afaceri economice \u0219i financiare;<\/p>\n<p>Tomasz Grzegorz Grosse , profesor la Universitatea din Var\u0219ovia;<\/p>\n<p>Rebecca Harms , fost\u0103 deputat\u0103 \u00een Parlamentul European<\/p>\n<p>Silja Markkula , pre\u0219edinta Forumului European al Tineretului;<\/p>\n<p>Maria Jo\u00e3o Rodrigues , fost\u0103 ministr\u0103 a calific\u0103rilor \u0219i educa\u021biei din Portugalia \u0219i deputat\u0103 \u00een Parlamentul European;<\/p>\n<p>Androulla Vassiliou , fost\u0103 comisar\u0103 pentru s\u0103n\u0103tate \u0219i educa\u021bie, cultur\u0103, multilingvism \u0219i tineret.<\/p>\n<p>Conferin\u021ba privind viitorul Europei a fost lansat\u0103 oficial la 9 mai 2021 \u0219i ar trebui s\u0103 ajung\u0103 la concluzii p\u00e2n\u0103 \u00een prim\u0103vara anului 2022.<\/p>\n<p>Acest eveniment este inclus pe <a href=\"https:\/\/futureu.europa.eu\/processes\/Democracy\/f\/5\/meetings\/122\"><strong>platforma multilingv\u0103 online a conferin\u021bei<\/strong> <\/a>.<\/p>\n<p>&nbsp;<\/p>\n","protected":false},"excerpt":{"rendered":"<p>Grupul la nivel \u00eenalt privind democra\u021bia european\u0103, prezidat de Herman Von Rompuy, va sprijini CoR \u00een demersul s\u0103u de face auzit\u0103 vocea nivelului local \u0219i regional \u0219i de a-i da influen\u021ba meritat\u0103. Liderii locali \u0219i regionali au adoptat o rezolu\u021bie referitoare la Conferin\u021ba privind viitorul Europei (conferin\u021ba) \u00een cadrul celei de-a 144-a sesiuni plenare a [&hellip;]<\/p>\n","protected":false},"author":1,"featured_media":1026,"comment_status":"open","ping_status":"closed","sticky":false,"template":"","format":"standard","meta":{"_bbp_topic_count":0,"_bbp_reply_count":0,"_bbp_total_topic_count":0,"_bbp_total_reply_count":0,"_bbp_voice_count":0,"_bbp_anonymous_reply_count":0,"_bbp_topic_count_hidden":0,"_bbp_reply_count_hidden":0,"_bbp_forum_subforum_count":0,"footnotes":""},"categories":[84],"tags":[],"_links":{"self":[{"href":"https:\/\/cor.borbolycsaba.ro\/ro\/index.php?rest_route=\/wp\/v2\/posts\/1025"}],"collection":[{"href":"https:\/\/cor.borbolycsaba.ro\/ro\/index.php?rest_route=\/wp\/v2\/posts"}],"about":[{"href":"https:\/\/cor.borbolycsaba.ro\/ro\/index.php?rest_route=\/wp\/v2\/types\/post"}],"author":[{"embeddable":true,"href":"https:\/\/cor.borbolycsaba.ro\/ro\/index.php?rest_route=\/wp\/v2\/users\/1"}],"replies":[{"embeddable":true,"href":"https:\/\/cor.borbolycsaba.ro\/ro\/index.php?rest_route=%2Fwp%2Fv2%2Fcomments&post=1025"}],"version-history":[{"count":1,"href":"https:\/\/cor.borbolycsaba.ro\/ro\/index.php?rest_route=\/wp\/v2\/posts\/1025\/revisions"}],"predecessor-version":[{"id":1027,"href":"https:\/\/cor.borbolycsaba.ro\/ro\/index.php?rest_route=\/wp\/v2\/posts\/1025\/revisions\/1027"}],"wp:featuredmedia":[{"embeddable":true,"href":"https:\/\/cor.borbolycsaba.ro\/ro\/index.php?rest_route=\/wp\/v2\/media\/1026"}],"wp:attachment":[{"href":"https:\/\/cor.borbolycsaba.ro\/ro\/index.php?rest_route=%2Fwp%2Fv2%2Fmedia&parent=1025"}],"wp:term":[{"taxonomy":"category","embeddable":true,"href":"https:\/\/cor.borbolycsaba.ro\/ro\/index.php?rest_route=%2Fwp%2Fv2%2Fcategories&post=1025"},{"taxonomy":"post_tag","embeddable":true,"href":"https:\/\/cor.borbolycsaba.ro\/ro\/index.php?rest_route=%2Fwp%2Fv2%2Ftags&post=1025"}],"curies":[{"name":"wp","href":"https:\/\/api.w.org\/{rel}","templated":true}]}}