{"id":1018,"date":"2021-03-17T07:48:12","date_gmt":"2021-03-17T07:48:12","guid":{"rendered":"https:\/\/cor.borbolycsaba.ro\/ro\/?p=1018"},"modified":"2021-05-11T07:48:59","modified_gmt":"2021-05-11T07:48:59","slug":"cultura-trebuie-sa-joace-un-rol-central-in-procesul-de-recuperare","status":"publish","type":"post","link":"https:\/\/cor.borbolycsaba.ro\/ro\/?p=1018","title":{"rendered":"Cultura trebuie s\u0103 joace un rol central \u00een procesul de recuperare"},"content":{"rendered":"<p><strong><em>Membrii PPE-CoR, Eichtinger \u0219i Borboly, le-au asumat angajamentul de a sprijini sectoarele culturale \u0219i creative<\/em><\/strong><\/p>\n<p>\u201eArti\u0219tii \u0219i cei care lucreaz\u0103 \u00een sectoarele culturale \u0219i creative au fost printre cei mai afecta\u021bi de pandemia COVID-19. \u00cen aceste vremuri dificile, un angajament puternic de a sprijini aceste sectoare este de o importan\u021b\u0103 deosebit\u0103. Noul program Europa Creativ\u0103 trebuie s\u0103 joace un rol decisiv \u00een relansarea sectoarelor, adopt\u00e2nd digitalizarea \u0219i noile modalit\u0103\u021bi de a furniza publicului interesat. Cultura trebuie s\u0103 joace, de asemenea, un rol central \u00een procesul de redresare \u0219i trebuie integrat\u0103 \u00een planurile na\u021bionale de recuperare \u0219i rezilien\u021b\u0103. \u201d Martin Eichtinger, membru al guvernului Austriei de Jos a f\u0103cut aceste observa\u021bii \u00een timpul unei discu\u021bii online cu privire la rolul regiunilor \u00een redresare.<\/p>\n<p>Eichtinger a explicat c\u0103 m\u0103surile restrictive care au fost puse \u00een aplicare \u00een \u00eentreaga Uniune European\u0103 (UE) au afectat grav sectoarele culturale \u0219i creative . \u00cen special, subsectoarele bazate pe loca\u021bii \u0219i vizitatori, cum ar fi artele spectacolului, au fost afectate sever. Eichtinger a ad\u0103ugat c\u0103 aceast\u0103 criz\u0103 a eviden\u021biat pozi\u021bia vulnerabil\u0103 a multor lucr\u0103tori care presteaz\u0103 munc\u0103 atipic\u0103, arti\u0219ti, independen\u021bi \u0219i lucr\u0103tori temporari. El a reamintit c\u0103 7,4 milioane de oameni au fost angaja\u021bi \u00een sectorul cultural \u00een 2019, ceea ce reprezint\u0103 aproximativ 3,7% din totalul persoanelor care lucreaz\u0103 \u00een UE. \u00cen aceast\u0103 privin\u021b\u0103, el a spus c\u0103 sunt necesare m\u0103suri concrete pentru a salva locuri de munc\u0103.<\/p>\n<p>\u00cen ceea ce prive\u0219te noul program Europa Creativ\u0103, Eichtinger a spus c\u0103 \u201eAcest program a fost esen\u021bial pentru promovarea diversit\u0103\u021bii culturale a Europei, precum \u0219i a competitivit\u0103\u021bii sectoarelor culturale \u0219i creative. \u201eAcum a fost modernizat pentru a dota mai bine aceste sectoare pentru a face fa\u021b\u0103 provoc\u0103rilor actuale, inclusiv de pandemie.\u201d Vorbind despre rolul vital al investi\u021biilor \u00een cultur\u0103, Eichtinger s-a referit la cuvintele pre\u0219edintelui Comisiei Europene, Ursula von der Leyen, potrivit c\u0103rora \u201ecultura \u0219i educa\u021bia sunt cele care leag\u0103 istoria \u0219i viitorul nostru. Asta ne face unici. Sufletul nostru, cultura noastr\u0103, diversitatea noastr\u0103, mo\u0219tenirea noastr\u0103. \u201d<\/p>\n<p>La discu\u021bia online a participat Csaba Borboly, pre\u0219edintele Consiliului Jude\u021bean Harghita din Rom\u00e2nia. El a subliniat c\u0103 strategiile culturale din Europa au nevoie de o schimbare. Cultura are un rol important \u00een modernizarea regional\u0103, prin urmare este necesar\u0103 integrarea acesteia \u00een procesele politicilor de dezvoltare. Dl Borboly a subliniat, de asemenea, c\u0103 adaptarea la digitalizare \u0219i dezvoltarea abilit\u0103\u021bilor sunt necesare \u0219i pentru acest sector, pentru a garanta rezilien\u021ba arti\u0219tilor \u0219i a speciali\u0219tilor culturali \u00een vremuri de schimbare. \u00cen plus, este important ca strategiile de dialog cultural \u0219i programele UE s\u0103 ia \u00een considerare caracteristicile culturale \u0219i s\u0103 acorde aten\u021bie tradi\u021biilor culturale ale tuturor na\u021bionalit\u0103\u021bilor, inclusiv ale minorit\u0103\u021bilor na\u021bionale, deoarece acestea fac parte, de asemenea, din diversitatea cultural\u0103 a Uniunii Europene.<\/p>\n<p>\u201eCultura este o parte esen\u021bial\u0103 a dezvolt\u0103rii locale \u0219i regionale \u0219i pentru a atinge obiectivele UE \u00een acest sector este necesar\u0103 o nou\u0103 abordare \u00een elaborarea programelor UE. Este necesar s\u0103 ia \u00een considerare aspectele locale, provoc\u0103rile \u0219i diversitatea. Acestea contribuie la atractivitatea turismului local, la descoperirea talentelor artistice, la protejarea tradi\u021biilor culturale \u0219i la prosperitatea economic\u0103. \u00cen acest sens, UE ar trebui s\u0103 includ\u0103 elemente de integrare \u00een fondurile UE pentru cultur\u0103 pentru a garanta toate aceste aspecte \u00een perioada 2021-2027. \u201d<\/p>\n<p>Ora\u0219ele \u0219i regiunile din \u00eentreaga UE au jucat un rol important \u00een combaterea efectelor pandemiei \u0219i au sprijinit, de asemenea, sectorul cultural. Diverse ora\u0219e conduse de PPE, inclusiv Var\u0219ovia \u0219i Sofia, au creat pachete de sprijin pentru sectorul cultural. \u00cen cadrul unei dezbateri privind redresarea sectoarelor culturale \u0219i creative, Mariya Gabriel, comisarul pentru Inovare, cercetare, cultur\u0103, educa\u021bie \u0219i tineret a spus c\u0103 ora\u0219ele \u0219i regiunile pot juca un rol important \u00een sectoarele culturale \u0219i creative. Doamna Gabriel a \u00a0sus\u021binut apelul de alocare cel pu\u021bin 2% din bugetele facilit\u0103\u021bii de recuperare \u0219i rezisten\u021b\u0103 la sectoarele creative \u0219i culturale.<\/p>\n<p>Programul Europa Creativ\u0103 este instrumentul emblematic \u00een sprijinul sectoarelor culturale \u0219i creative &#8211; \u0219i singurul proiectat de UE pentru a le sprijini \u00een mod specific. Ajut\u0103 sectoarele culturale \u0219i creative s\u0103 profite de oportunit\u0103\u021bile erei digitale \u0219i ale globaliz\u0103rii, permite sectoarelor s\u0103 \u00ee\u0219i ating\u0103 poten\u021bialul economic, contribuind la cre\u0219tere durabil\u0103, locuri de munc\u0103 \u0219i coeziune social\u0103, precum \u0219i accesul sectoarelor culturii \u0219i media din Europa la noi oportunit\u0103\u021bi interna\u021bionale.<\/p>\n<p>Un simbol str\u0103lucitor al identit\u0103\u021bi europene comune este, de exemplu, Orchestra Tineretului Uniunii Europene. Orchestra este format\u0103 din tineri muzicieni talenta\u021bi din toate statele membre \u0219i este una dintre cele mai importante orchestre simfonice din lume. Eichtinger a subliniat c\u0103 EUYO inspir\u0103 concerte de talie mondial\u0103. A fost pilotul cultural al UE de mai bine de 40 de ani \u0219i este &#8211; a\u0219a cum a spus deja fostul pre\u0219edinte al Comisiei &#8211; cel mai bun ambasador posibil pentru Uniunea European\u0103.<\/p>\n<p>&nbsp;<\/p>\n","protected":false},"excerpt":{"rendered":"<p>Membrii PPE-CoR, Eichtinger \u0219i Borboly, le-au asumat angajamentul de a sprijini sectoarele culturale \u0219i creative \u201eArti\u0219tii \u0219i cei care lucreaz\u0103 \u00een sectoarele culturale \u0219i creative au fost printre cei mai afecta\u021bi de pandemia COVID-19. \u00cen aceste vremuri dificile, un angajament puternic de a sprijini aceste sectoare este de o importan\u021b\u0103 deosebit\u0103. Noul program Europa Creativ\u0103 [&hellip;]<\/p>\n","protected":false},"author":1,"featured_media":1019,"comment_status":"open","ping_status":"closed","sticky":false,"template":"","format":"standard","meta":{"_bbp_topic_count":0,"_bbp_reply_count":0,"_bbp_total_topic_count":0,"_bbp_total_reply_count":0,"_bbp_voice_count":0,"_bbp_anonymous_reply_count":0,"_bbp_topic_count_hidden":0,"_bbp_reply_count_hidden":0,"_bbp_forum_subforum_count":0,"footnotes":""},"categories":[84],"tags":[],"_links":{"self":[{"href":"https:\/\/cor.borbolycsaba.ro\/ro\/index.php?rest_route=\/wp\/v2\/posts\/1018"}],"collection":[{"href":"https:\/\/cor.borbolycsaba.ro\/ro\/index.php?rest_route=\/wp\/v2\/posts"}],"about":[{"href":"https:\/\/cor.borbolycsaba.ro\/ro\/index.php?rest_route=\/wp\/v2\/types\/post"}],"author":[{"embeddable":true,"href":"https:\/\/cor.borbolycsaba.ro\/ro\/index.php?rest_route=\/wp\/v2\/users\/1"}],"replies":[{"embeddable":true,"href":"https:\/\/cor.borbolycsaba.ro\/ro\/index.php?rest_route=%2Fwp%2Fv2%2Fcomments&post=1018"}],"version-history":[{"count":1,"href":"https:\/\/cor.borbolycsaba.ro\/ro\/index.php?rest_route=\/wp\/v2\/posts\/1018\/revisions"}],"predecessor-version":[{"id":1020,"href":"https:\/\/cor.borbolycsaba.ro\/ro\/index.php?rest_route=\/wp\/v2\/posts\/1018\/revisions\/1020"}],"wp:featuredmedia":[{"embeddable":true,"href":"https:\/\/cor.borbolycsaba.ro\/ro\/index.php?rest_route=\/wp\/v2\/media\/1019"}],"wp:attachment":[{"href":"https:\/\/cor.borbolycsaba.ro\/ro\/index.php?rest_route=%2Fwp%2Fv2%2Fmedia&parent=1018"}],"wp:term":[{"taxonomy":"category","embeddable":true,"href":"https:\/\/cor.borbolycsaba.ro\/ro\/index.php?rest_route=%2Fwp%2Fv2%2Fcategories&post=1018"},{"taxonomy":"post_tag","embeddable":true,"href":"https:\/\/cor.borbolycsaba.ro\/ro\/index.php?rest_route=%2Fwp%2Fv2%2Ftags&post=1018"}],"curies":[{"name":"wp","href":"https:\/\/api.w.org\/{rel}","templated":true}]}}