{"id":1015,"date":"2021-05-04T09:10:18","date_gmt":"2021-05-04T09:10:18","guid":{"rendered":"https:\/\/cor.borbolycsaba.ro\/ro\/?p=1015"},"modified":"2021-05-04T09:10:18","modified_gmt":"2021-05-04T09:10:18","slug":"liderii-locali-si-regionali-ai-ppe-promoveaza-economia-sociala-inovarea-egalitatea-si-noul-bauhaus-european","status":"publish","type":"post","link":"https:\/\/cor.borbolycsaba.ro\/ro\/?p=1015","title":{"rendered":"Liderii locali \u0219i regionali ai PPE promoveaz\u0103 economia social\u0103, inovarea, egalitatea \u0219i noul Bauhaus European"},"content":{"rendered":"<p>Un plan de ac\u021biune pentru economia social\u0103, viitorul plan pentru lucr\u0103torii \u0219i serviciile din domeniul \u00eengrijirii \u2013 oportunit\u0103\u021bi locale \u0219i regionale \u00een contextul provoc\u0103rilor europene, o uniune a egalit\u0103\u021bii, noul Bauhaus European, Misiunea Orizont Europa, conturile de \u00eenv\u0103\u021bare individual\u0103 (ILA), \u0219i pactul privind competen\u021bele, au fost principalele subiecte discutate de c\u0103tre membrii PPE-CoR pe parcursul reuniunilor Comisiei SEDEC de azi.<\/p>\n<p><strong><u>Un plan de ac\u021biune pentru economia social\u0103<\/u><\/strong><\/p>\n<p>Membrii PPE-CoR subliniaz\u0103 faptul c\u0103 economia social\u0103 este un \u201cfurnizor\u201d important \u00een educa\u021bie, s\u0103n\u0103tate, \u00eengrijire, tranzi\u021bia energetic\u0103,\u00a0 spa\u021bii de locuit, \u0219i prestarea de servicii sociale. \u00cen contextul crizei de Coronavirus acest sector nu numai c\u0103 a creat profit ci \u0219i valori, ca atare, algoritmul de func\u021bionare a devenit mult mai vizibil.<\/p>\n<p>\u201d Este foarte important sprijinul pentru formare \u0219i accesul la \u00eenv\u0103\u021bare pe tot parcursul vie\u021bii pentru lucr\u0103torii din economia social\u0103 \u00een domenii precum digitalizarea \u0219i tranzi\u021bia verde, pentru a p\u0103trunde sau r\u0103m\u00e2ne pe pia\u021ba muncii \u00eentreprinderilor din economia social\u0103. Atrag aten\u021bia c\u0103 principalele dificult\u0103\u021bi cu care se confrunt\u0103 \u00eentreprinderile \u0219i organiza\u021biile\u00a0 din economia social\u0103\u00a0 o reprezint\u0103 lipsa unui sistem de finan\u021bare al serviciilor sociale, sigur \u0219i predictibil, de la nivelul central c\u0103tre autorit\u0103\u021bile locale\u201d a subliniat\u00a0 <strong>Borboly Csaba<\/strong>, Pre\u0219edintele Consiliului Jude\u021bean Harghita<\/p>\n<p><strong><u>Misiunile Orizont Europa<\/u><\/strong><\/p>\n<p>Membrii PPE-CoR au purtat discu\u021bii despre politica \u0219i cercetarea orientate pe misiune adoptate \u00een Orizont Europa ce poate fi o abordare excelent\u0103 cu privire la provoc\u0103rile la care sunt supu\u0219i oamenii \u00een via\u021ba de zi cu zi. Din perspectiva cercet\u0103rii \u0219i inov\u0103rii este de asemenea o oportunitate pentru a reduce fragmentarea politicilor, colaborarea interdisciplinar\u0103 \u0219i intersectorial\u0103, \u0219i de a \u00eent\u0103ri angajamentul public prin implicarea activ\u0103 a inov\u0103rilor ecosistemelor locale \u0219i regionale.<\/p>\n<p>\u201cObserv\u00e2nd numeroasele provoc\u0103ri din ora\u0219ele \u0219i regiunile noastre, cu prec\u0103dere \u00een perioada crizei pandemice, putem observa c\u0103 schimb\u0103rile pe care vrem s\u0103 le aducem presupun ac\u021biuni inovatoare \u0219i \u00eendr\u0103zne\u021be. \u0218i acestea sunt oferite prin misiunile programului Orizont. Sper c\u0103 realiz\u0103rile noastre \u00een acest domeniu vor permite ora\u0219elor care se confrunt\u0103 cu o criz\u0103 de mediu s\u0103 le ajung\u0103 din urm\u0103 pe cele mai verzi \u0219i mai avansate, astfel \u00eenc\u00e2t nici o municipalitate s\u0103 nu fie l\u0103sat\u0103 \u00een urm\u0103 \u00een termeni de ecologie \u0219i s\u0103n\u0103tate\u201d a afirmat\u00a0 <strong>Hanna Zdanowska<\/strong>, primarul \u0141\u00f3d\u017a.<\/p>\n<p><u>Viitorul plan pentru lucr\u0103torii \u0219i serviciile de \u00eengrijire\u00a0 \u2013 oportunit\u0103\u021bi locale \u0219i regionale \u00een contextul provoc\u0103rile europene <\/u><\/p>\n<p>PPE-CoR observ\u0103 lipsa lucr\u0103torilor califica\u021bi care acord\u0103 \u00eengrijire persoanelor \u00een nevoie ca o oportunitate pentru ora\u0219e \u0219i regiuni de a aborda motivul unei astfel de penurii. Acest aspect este aplicabil cu prec\u0103dere acelor regiuni al c\u0103ror sistem se bazeaz\u0103 pe for\u021ba de munc\u0103 din state vecine, \u0219i care prin \u00eenchiderea frontierelor din cauza pandemiei\u00a0 s-au confruntat pe termen scurt cu lipsa lucr\u0103torilor. \u00cen orice caz, PPE subliniaz\u0103 totodat\u0103 c\u0103 lucr\u0103torii din domeniul \u00eengrijirii sunt de multe ori reziden\u021bi pe termen lung \u00een statele \u00een care presteaz\u0103 acest serviciu profesional.<\/p>\n<p>Pre\u0219edintele Consiliului Jude\u021bean Harghita, Borboly Csaba a afirmat: \u201c Comisia European\u0103 ar trebui s\u0103 garanteze instrumente financiare direct accesibile pentru ora\u0219e \u0219i regiuni. Totodat\u0103, lu\u00e2nd \u00een considerare lipsa pe termen scurt a lucr\u0103torilor pe fondul \u00eenchiderii frontierelor din cauza pandemiei,\u00a0 este important s\u0103 fie luat \u00een calcul efectul negativ pe termen lung privind migra\u021bia lucr\u0103torilor din regiunile mai pu\u021bin dezvoltate c\u0103tre cele mai dezvoltate, deoarece aceasta afecteaz\u0103 accesul persoanele v\u00e2rstnice din aceste regiuni mai pu\u021bin dezvoltate la servicii de \u00eengrijire, pe fondul lipsei acute de lucr\u0103tori. Pentru a schimba percep\u021bia cu privire la profesiile legate de \u00eengrijire este important s\u0103 fie lansate campanii pentru tineret \u0219i tineri profesioni\u0219ti.\u201d<\/p>\n<p><u>\u00a0<\/u><u>O uniune a egalit\u0103\u021bii<\/u><\/p>\n<p>PPE subliniaz\u0103 faptul c\u0103 respectul fa\u021b\u0103 de persoanele LGBTIQ a crescut \u00een ultimii ani, \u0219i c\u0103 acceptarea \u0219i incluziunea au devenit o valoare comun\u0103 \u00een societ\u0103\u021bile din Europa, mai ales \u00een r\u00e2ndul genera\u021biilor mai tinere. Se aliniaz\u0103 la remarca raportorului \u00een ceea ce prive\u0219te regresul valorilor UE, \u00een regiuni \u00een care mai exist\u0103 autorit\u0103\u021bi ce utilizeaz\u0103 retorica anti-LGBTIQ, dar subliniaz\u0103\u00a0 c\u0103 acest aspect se limiteaz\u0103 la anumite regiuni \u0219i grupuri, mai degrab\u0103 dec\u00e2t la o atitudine larg r\u0103sp\u00e2ndit\u0103.<\/p>\n<p><strong>Maria Walsh<\/strong>, Membru al Parlamentului European din partea PPE Irlanda a afirmat: \u201cC\u00e2nd vorbim despre egalitate, trebuie s\u0103 con\u0219tientiz\u0103m c\u0103 persoane LGBTIQ \u00a0tr\u0103iesc pe tot teritoriul Europei, inclusiv \u00een zone \u00a0rurale. \u00cempreun\u0103 cu autorit\u0103\u021bile locale \u0219i regionale , trebuie s\u0103 asigur\u0103m egalitatea pentru to\u021bi \u0219i s\u0103 lupt\u0103m \u00eempotriva discursului xenofob.\u201d<\/p>\n<p><u>Noul Bauhaus european<\/u><\/p>\n<p><strong>Markku Markkula<\/strong>, Pre\u0219edintele Regiunii Helsinki, subliniaz\u0103 necesitatea unei re\u00eennoiri a g\u00e2ndirii europene. El a afirmat c\u0103 \u00a0\u201cBauhaus va avea o influen\u021b\u0103 puternic\u0103 \u00een ceea ce prive\u0219te neutralitatea carbonului \u00een mediu \u0219i construc\u021bii. Spa\u021biile fizice, mentale \u0219i virtuale merg m\u00e2n\u0103-n m\u00e2n\u0103. Pentru ca schimbarea s\u0103 se produc\u0103, totul ar trebui s\u0103 se bazeze pe cre\u0219terea angajamentului pentru cultur\u0103 \u0219i \u00eenv\u0103\u021bare, ceea ce \u00eenseamn\u0103 mai presus de toate modele de g\u00e2ndire, \u00eenv\u0103\u021barea \u00een echip\u0103 \u0219i g\u00e2ndirea sistemelor.\u201d<\/p>\n<p>\u201cNoul Bauhaus European este un concept foarte interesant de modelare a Europei post pandemie. Ca membru al grupului de lucru local al mi\u0219c\u0103rii Green Deal, sunt foarte \u00eenc\u00e2ntat s\u0103 observ accentul puternic pus pe ecologie. Consider c\u0103 aceast\u0103 ini\u021biativ\u0103 va contribui efectiv la implementarea conceptelor Green Deal \u00a0in sistemul de locuin\u021be. Cred c\u0103 ar trebui s\u0103 fie luat\u0103 \u00een considerare includerea sistemelor ora\u0219elor, at\u00e2t la nivel na\u021bional c\u00e2t \u0219i european, ca parteneri \u00een acest program. Mai mult de at\u00e2t, este esen\u021bial ca noi, autorit\u0103\u021bile locale s\u0103 contribuim prin intermediul canalelor de comunicare la popularizarea acestei idei \u00een r\u00e2ndul reziden\u021bilor\u201d a subliniat \u00a0<strong>Hanna Zdanowska,<\/strong> primarul \u0141\u00f3d\u017a.<\/p>\n<p>&nbsp;<\/p>\n<p>&nbsp;<\/p>\n<p>&nbsp;<\/p>\n","protected":false},"excerpt":{"rendered":"<p>Un plan de ac\u021biune pentru economia social\u0103, viitorul plan pentru lucr\u0103torii \u0219i serviciile din domeniul \u00eengrijirii \u2013 oportunit\u0103\u021bi locale \u0219i regionale \u00een contextul provoc\u0103rilor europene, o uniune a egalit\u0103\u021bii, noul Bauhaus European, Misiunea Orizont Europa, conturile de \u00eenv\u0103\u021bare individual\u0103 (ILA), \u0219i pactul privind competen\u021bele, au fost principalele subiecte discutate de c\u0103tre membrii PPE-CoR pe parcursul [&hellip;]<\/p>\n","protected":false},"author":1,"featured_media":1016,"comment_status":"open","ping_status":"closed","sticky":false,"template":"","format":"standard","meta":{"_bbp_topic_count":0,"_bbp_reply_count":0,"_bbp_total_topic_count":0,"_bbp_total_reply_count":0,"_bbp_voice_count":0,"_bbp_anonymous_reply_count":0,"_bbp_topic_count_hidden":0,"_bbp_reply_count_hidden":0,"_bbp_forum_subforum_count":0,"footnotes":""},"categories":[84],"tags":[],"_links":{"self":[{"href":"https:\/\/cor.borbolycsaba.ro\/ro\/index.php?rest_route=\/wp\/v2\/posts\/1015"}],"collection":[{"href":"https:\/\/cor.borbolycsaba.ro\/ro\/index.php?rest_route=\/wp\/v2\/posts"}],"about":[{"href":"https:\/\/cor.borbolycsaba.ro\/ro\/index.php?rest_route=\/wp\/v2\/types\/post"}],"author":[{"embeddable":true,"href":"https:\/\/cor.borbolycsaba.ro\/ro\/index.php?rest_route=\/wp\/v2\/users\/1"}],"replies":[{"embeddable":true,"href":"https:\/\/cor.borbolycsaba.ro\/ro\/index.php?rest_route=%2Fwp%2Fv2%2Fcomments&post=1015"}],"version-history":[{"count":1,"href":"https:\/\/cor.borbolycsaba.ro\/ro\/index.php?rest_route=\/wp\/v2\/posts\/1015\/revisions"}],"predecessor-version":[{"id":1017,"href":"https:\/\/cor.borbolycsaba.ro\/ro\/index.php?rest_route=\/wp\/v2\/posts\/1015\/revisions\/1017"}],"wp:featuredmedia":[{"embeddable":true,"href":"https:\/\/cor.borbolycsaba.ro\/ro\/index.php?rest_route=\/wp\/v2\/media\/1016"}],"wp:attachment":[{"href":"https:\/\/cor.borbolycsaba.ro\/ro\/index.php?rest_route=%2Fwp%2Fv2%2Fmedia&parent=1015"}],"wp:term":[{"taxonomy":"category","embeddable":true,"href":"https:\/\/cor.borbolycsaba.ro\/ro\/index.php?rest_route=%2Fwp%2Fv2%2Fcategories&post=1015"},{"taxonomy":"post_tag","embeddable":true,"href":"https:\/\/cor.borbolycsaba.ro\/ro\/index.php?rest_route=%2Fwp%2Fv2%2Ftags&post=1015"}],"curies":[{"name":"wp","href":"https:\/\/api.w.org\/{rel}","templated":true}]}}