{"id":1010,"date":"2021-04-10T09:23:59","date_gmt":"2021-04-10T09:23:59","guid":{"rendered":"https:\/\/cor.borbolycsaba.ro\/ro\/?p=1010"},"modified":"2021-04-23T09:24:44","modified_gmt":"2021-04-23T09:24:44","slug":"actiuni-in-domeniul-climei-%e2%80%8e-comitetul-european-al-regiunilor-si-planul-de-actiune-al-coalitiei-under2","status":"publish","type":"post","link":"https:\/\/cor.borbolycsaba.ro\/ro\/?p=1010","title":{"rendered":"Ac\u021biuni \u00een domeniul climei: \u200e Comitetul European al Regiunilor \u0219i Planul de ac\u021biune al Coali\u021biei Under2\u00a0\u00a0"},"content":{"rendered":"<p><b>Planul comun de ac\u021biune 2021-2022, semnat ast\u0103zi de Comitetul European al Regiunilor (CoR) \u0219i Coali\u021bia Under2, va consolida cooperarea \u00een promovarea ac\u021biunilor climatice la nivel regional, va spori transparen\u021ba \u0219i diseminarea datelor privind clima \u0219i va consolida guvernan\u021ba pe mai multe niveluri \u00een cadrul Acordului de la Paris privind schimb\u0103rile climatice \u0219i al Pactului verde european. Unul dintre obiectivele sale esen\u021biale este de a garanta c\u0103, \u00een contextul redres\u0103rii \u00een urma pandemiei de COVID-19, agenda privind schimb\u0103rile climatice va face un pas \u00eenainte, prin m\u0103suri sporite de rezilien\u021b\u0103 ecologic\u0103, economic\u0103 \u0219i social\u0103, pentru a face fa\u021b\u0103 mai bine crizelor viitoare.<\/b><span style=\"font-weight: 400;\">\u00a0<\/span><\/p>\n<p><a href=\"https:\/\/cor.europa.eu\/\"><b>CoR<\/b> <\/a><span style=\"font-weight: 400;\">\u2013 adunarea UE a reprezentan\u021bilor locali \u0219i regionali \u2013 a semnat un nou plan de ac\u021biune cu <\/span><a href=\"https:\/\/www.theclimategroup.org\/under2-coalition\"><b>Coali\u021bia Under2<\/b> <\/a><span style=\"font-weight: 400;\">, un grup de anvergur\u0103 mondial\u0103, format din peste 220 de guverne, care s-a angajat s\u0103 men\u021bin\u0103 cre\u0219terea temperaturii globale mult sub 2\u00b0C, \u021binta fiind limitarea ei la 1,5\u00b0C.\u00a0<\/span><\/p>\n<p><span style=\"font-weight: 400;\">Noul acord de parteneriat consolideaz\u0103 \u0219i intensific\u0103 cooperarea pentru a promova ac\u021biuni climatice mai ambi\u021bioase la nivel regional \u0219i va contribui la punerea \u00een aplicare cu succes a Acordului de la Paris privind schimb\u0103rile climatice \u0219i a Pactului verde european, printr-o guvernan\u021b\u0103 eficace pe mai multe niveluri.\u00a0<\/span><\/p>\n<p><a href=\"https:\/\/cor.europa.eu\/en\/members\/pages\/memberprofile.aspx?MemberId=2032166\"><b>Apostolos Tzitzikostas<\/b> <\/a><span style=\"font-weight: 400;\">, guvernatorul regiunii Macedonia Central\u0103 din Grecia \u0219i pre\u0219edintele Comitetului European al Regiunilor, a declarat: <\/span><i><span style=\"font-weight: 400;\">\u201eSemnarea acestui plan de ac\u021biune consolideaz\u0103 parteneriatul de lung\u0103 durat\u0103 dintre CoR \u0219i Coali\u021bia Under2.<\/span><\/i> <i><span style=\"font-weight: 400;\">El ofer\u0103 un cadru adecvat pentru aprofundarea cooper\u0103rii noastre \u00een vederea extinderii obiectivelor agendei globale privind clima, sprijinind \u00een acela\u0219i timp regiunile ambi\u021bioase pe calea neutralit\u0103\u021bii climatice. \u00cempreun\u0103, putem ap\u0103ra mai bine guvernan\u021ba pe mai multe niveluri ca modalitate de punere \u00een aplicare, la nivel teritorial, a Acordului de la Paris privind schimb\u0103rile climatice \u0219i a Pactului verde european \u0219i de a oferi regiunilor o voce mai puternic\u0103 \u00een cadrul Conferin\u021bei Organiza\u021biei Na\u021biunilor Unite privind schimb\u0103rile climatice (COP26) din 2021, care se va desf\u0103\u0219ura \u00een noiembrie, la Glasgow.\u201d<\/span><\/i><span style=\"font-weight: 400;\">\u00a0<\/span><\/p>\n<p><a href=\"https:\/\/www.baden-wuerttemberg.de\/fr\/gouvernement\/le-gouvernement-du-land\/membres-du-gouvernement-du-land\/franz-untersteller\/\"><b>Franz Untersteller<\/b> <\/a><span style=\"font-weight: 400;\">, ministrul mediului, protec\u021biei climei \u0219i sectorului energiei din Baden-W\u00fcrttemberg \u0219i ambasador la nivel mondial al Coali\u021biei Under2, a afirmat: <\/span><i><span style=\"font-weight: 400;\">\u201e Coali\u021bia Under2, care num\u0103r\u0103 220 de membri la nivel mondial, este \u00een prezent una dintre cele mai mari \u0219i mai importante alian\u021be de protec\u021bie a climei din lume. O parte considerabil\u0103 a membrilor no\u0219tri provin din UE. Prin urmare, salut c\u0103lduros faptul c\u0103 Coali\u021bia Under2 \u0219i Comitetul Regiunilor au convenit asupra unor obiective \u0219i activit\u0103\u021bi comune. \u00cempreun\u0103, vom spori vizibilitatea \u0219i eficacitatea nivelului subna\u021bional \u00een domeniul protec\u021biei climei, at\u00e2t la nivel mondial, c\u00e2t \u0219i \u00een UE.\u201d<\/span><\/i><span style=\"font-weight: 400;\">\u00a0<\/span><\/p>\n<p><a href=\"https:\/\/cor.europa.eu\/ro\/members\/pages\/memberprofile.aspx?MemberId=2034263\"><b>Juan Espadas<\/b> <\/a><span style=\"font-weight: 400;\">(ES-PSE), primarul ora\u0219ului Sevilla \u0219i pre\u0219edintele Comisiei <\/span><a href=\"https:\/\/cor.europa.eu\/ro\/our-work\/Pages\/enve.aspx\"><b>ENVE<\/b> <\/a><span style=\"font-weight: 400;\">a CoR \u0219i al Grupului de lucru <\/span><a href=\"https:\/\/cor.europa.eu\/ro\/engage\/Pages\/green-deal.aspx\"><b>\u201ePactul verde la nivel local\u201d<\/b> <\/a><span style=\"font-weight: 400;\">al CoR, a declarat: <\/span><i><span style=\"font-weight: 400;\">\u201eColaborarea str\u00e2ns\u0103 cu Coali\u021bia Under2 va avea un impact major asupra membrilor Comitetului European al Regiunilor.<\/span><\/i> <i><span style=\"font-weight: 400;\">Sunt convins c\u0103 o mi\u0219care global\u0103 a autorit\u0103\u021bilor locale \u0219i regionale este esen\u021bial\u0103 pentru realizarea ac\u021biunilor climatice \u0219i a unei tranzi\u021bii durabile. Acest plan de ac\u021biune ne va ajuta s\u0103 consolid\u0103m rolul administra\u021biilor locale \u0219i s\u0103 cre\u0103m o guvernan\u021b\u0103 eficace pe mai multe niveluri, \u00een special \u00een perspectiva COP26\u201d<\/span><\/i><span style=\"font-weight: 400;\"> .\u00a0<\/span><\/p>\n<p><span style=\"font-weight: 400;\">CoR \u0219i Coali\u021bia Under2 s-au angajat s\u0103 colaboreze pe baza urm\u0103toarelor trei <\/span><b>obiective comune<\/b><span style=\"font-weight: 400;\"> :\u00a0<\/span><\/p>\n<ul>\n<li style=\"font-weight: 400;\" aria-level=\"1\"><span style=\"font-weight: 400;\">s\u0103 \u00ee\u0219i ofere sprijin reciproc \u0219i s\u0103 coopereze \u00een ceea ce prive\u0219te activit\u0103\u021bile de interes comun legate de punerea \u00een aplicare a Acordului de la Paris;\u00a0<\/span><\/li>\n<li style=\"font-weight: 400;\" aria-level=\"1\"><span style=\"font-weight: 400;\">s\u0103 promoveze, la nivelul guvernelor regionale, conceptul de transparen\u021b\u0103 \u0219i prezentarea anual\u0103 a obiectivelor \u0219i datelor din domeniul climei; \u0219i\u00a0<\/span><\/li>\n<li style=\"font-weight: 400;\" aria-level=\"1\"><span style=\"font-weight: 400;\">s\u0103 stimuleze participarea guvernelor regionale la activit\u0103\u021bile considerate prioritare, de exemplu la sprijinirea unei puneri \u00een aplicare rapide a componentelor esen\u021biale ale Pactului verde european \u0219i a proiectelor menite s\u0103 ajute administra\u021biile regionale s\u0103 conceap\u0103 o \u201etraiectorie\u201d c\u0103tre reducerea emisiilor, cu scopul de a realiza neutralitatea climatic\u0103.\u00a0<\/span><\/li>\n<\/ul>\n<p><span style=\"font-weight: 400;\">Planul de ac\u021biune define\u0219te domenii specifice de cooperare, printre care o redresare ecologic\u0103 \u00een urma pandemiei de COVID-19, asigur\u00e2nd o tranzi\u021bie echitabil\u0103 \u0219i sporind transparen\u021ba climatic\u0103. Noul parteneriat include, de asemenea, ini\u021biative comune de promovare a m\u0103surilor climatice, ac\u021biuni de comunicare \u0219i activit\u0103\u021bi \u00een cadrul unor evenimente interna\u021bionale, cum ar fi <\/span><a href=\"https:\/\/europa.eu\/regions-and-cities\/\"><b>S\u0103pt\u0103m\u00e2na european\u0103 a regiunilor \u0219i ora\u0219elor<\/b> <\/a><span style=\"font-weight: 400;\">(11-14 octombrie 2021) \u0219i <\/span><a href=\"https:\/\/ukcop26.org\/\"><b>Summitul ONU privind schimb\u0103rile climatice COP26<\/b> <\/a><span style=\"font-weight: 400;\">de la Glasgow (1-12\u00a0noiembrie\u00a02021).\u00a0<\/span><\/p>\n<p><b>Context<\/b><span style=\"font-weight: 400;\">\u00a0<\/span><\/p>\n<p><a href=\"https:\/\/www.theclimategroup.org\/under2-coalition\"><b>Coali\u021bia Under2<\/b> <\/a><span style=\"font-weight: 400;\">este un grup global de guverne na\u021bionale \u0219i regionale ambi\u021bioase \u0219i angajate s\u0103 men\u021bin\u0103 cre\u0219terea temperaturii la nivel mondial sub 2\u00b0C, \u021binta fiind limitarea ei la 1,5\u00b0C. Coali\u021bia este alc\u0103tuit\u0103 din peste 220\u00a0de guverne de la nivel global \u0219i lucreaz\u0103 la prezentarea anual\u0103 privind datele climatice \u0219i transparen\u021ba climatic\u0103, adoptarea de politici la nivel regional \u0219i dezvoltarea de traiectorii pentru\u00a02050. Cu 43 de guverne regionale \u0219i 12 state membre ale UE, Europa este grupul cel mai numeros \u00een cadrul Coali\u021biei Under2. Coali\u021bia reprezint\u0103 o popula\u021bie de 182\u00a0de milioane de cet\u0103\u021beni \u0219i un PIB de 7,4\u00a0miliarde\u00a0USD, echivalentul a 35\u00a0% \u0219i 36\u00a0% din popula\u021bia \u0219i, respectiv, economia UE. Grupul pentru clim\u0103 este secretariatul Coali\u021biei Under2 \u0219i colaboreaz\u0103 cu guvernele pentru a accelera ac\u021biunile de combatere a schimb\u0103rilor climatice. Mandatul ministrului Franz\u00a0Untersteller se \u00eencheie \u00een luna mai a acestui an, dar el va continua s\u0103 sprijine Coali\u021bia Under2 \u00een urm\u0103torii ani, \u00een calitate de ambasador la nivel mondial. \u00cen noul s\u0103u rol, acesta va fi responsabil cu reprezentarea pe plan extern a Coali\u021biei Under2, al\u0103turi de fostul guvernator al Californiei, Jerry\u00a0Brown, \u0219i va promova ac\u021biunile de combatere a schimb\u0103rilor climatice la nivel subna\u021bional.\u00a0<\/span><\/p>\n<p>&nbsp;<\/p>\n","protected":false},"excerpt":{"rendered":"<p>Planul comun de ac\u021biune 2021-2022, semnat ast\u0103zi de Comitetul European al Regiunilor (CoR) \u0219i Coali\u021bia Under2, va consolida cooperarea \u00een promovarea ac\u021biunilor climatice la nivel regional, va spori transparen\u021ba \u0219i diseminarea datelor privind clima \u0219i va consolida guvernan\u021ba pe mai multe niveluri \u00een cadrul Acordului de la Paris privind schimb\u0103rile climatice \u0219i al Pactului verde [&hellip;]<\/p>\n","protected":false},"author":1,"featured_media":1011,"comment_status":"open","ping_status":"closed","sticky":false,"template":"","format":"standard","meta":{"_bbp_topic_count":0,"_bbp_reply_count":0,"_bbp_total_topic_count":0,"_bbp_total_reply_count":0,"_bbp_voice_count":0,"_bbp_anonymous_reply_count":0,"_bbp_topic_count_hidden":0,"_bbp_reply_count_hidden":0,"_bbp_forum_subforum_count":0,"footnotes":""},"categories":[84],"tags":[],"_links":{"self":[{"href":"https:\/\/cor.borbolycsaba.ro\/ro\/index.php?rest_route=\/wp\/v2\/posts\/1010"}],"collection":[{"href":"https:\/\/cor.borbolycsaba.ro\/ro\/index.php?rest_route=\/wp\/v2\/posts"}],"about":[{"href":"https:\/\/cor.borbolycsaba.ro\/ro\/index.php?rest_route=\/wp\/v2\/types\/post"}],"author":[{"embeddable":true,"href":"https:\/\/cor.borbolycsaba.ro\/ro\/index.php?rest_route=\/wp\/v2\/users\/1"}],"replies":[{"embeddable":true,"href":"https:\/\/cor.borbolycsaba.ro\/ro\/index.php?rest_route=%2Fwp%2Fv2%2Fcomments&post=1010"}],"version-history":[{"count":1,"href":"https:\/\/cor.borbolycsaba.ro\/ro\/index.php?rest_route=\/wp\/v2\/posts\/1010\/revisions"}],"predecessor-version":[{"id":1012,"href":"https:\/\/cor.borbolycsaba.ro\/ro\/index.php?rest_route=\/wp\/v2\/posts\/1010\/revisions\/1012"}],"wp:featuredmedia":[{"embeddable":true,"href":"https:\/\/cor.borbolycsaba.ro\/ro\/index.php?rest_route=\/wp\/v2\/media\/1011"}],"wp:attachment":[{"href":"https:\/\/cor.borbolycsaba.ro\/ro\/index.php?rest_route=%2Fwp%2Fv2%2Fmedia&parent=1010"}],"wp:term":[{"taxonomy":"category","embeddable":true,"href":"https:\/\/cor.borbolycsaba.ro\/ro\/index.php?rest_route=%2Fwp%2Fv2%2Fcategories&post=1010"},{"taxonomy":"post_tag","embeddable":true,"href":"https:\/\/cor.borbolycsaba.ro\/ro\/index.php?rest_route=%2Fwp%2Fv2%2Ftags&post=1010"}],"curies":[{"name":"wp","href":"https:\/\/api.w.org\/{rel}","templated":true}]}}