{"id":1003,"date":"2021-03-24T13:42:03","date_gmt":"2021-03-24T13:42:03","guid":{"rendered":"https:\/\/cor.borbolycsaba.ro\/ro\/?p=1003"},"modified":"2021-03-24T13:42:03","modified_gmt":"2021-03-24T13:42:03","slug":"liderii-regionali-solicita-sa-se-asigure-convergenta-ascendenta-a-salariilor-minime-in-intreaga-europa-si-sa-se-combata-saracia-persoanelor-incadrate-in-munca-intrucat-criza-provocata-de-pandemia-de","status":"publish","type":"post","link":"https:\/\/cor.borbolycsaba.ro\/ro\/?p=1003","title":{"rendered":"Liderii regionali solicit\u0103 s\u0103 se asigure convergen\u021ba ascendent\u0103 a salariilor minime \u00een \u00eentreaga Europ\u0103 \u0219i s\u0103 se combat\u0103 s\u0103r\u0103cia persoanelor \u00eencadrate \u00een munc\u0103, \u00eentruc\u00e2t criza provocat\u0103 de pandemia de COVID-19 afecteaz\u0103 veniturile lucr\u0103torilor\u00a0\u00a0"},"content":{"rendered":"<p><i><span style=\"font-weight: 400;\">CoR sprijin\u0103 proiectul de directiv\u0103 privind salariile minime adecvate \u00een UE<\/span><\/i><\/p>\n<p><span style=\"font-weight: 400;\">Regiunile \u0219i ora\u0219ele consider\u0103 c\u0103 combaterea s\u0103r\u0103ciei persoanelor \u00eencadrate \u00een munc\u0103 \u0219i asigurarea convergen\u021bei ascendente a salariilor minime sunt condi\u021bii prealabile pentru o economie de pia\u021b\u0103 social\u0103, echitabil\u0103 \u0219i durabil\u0103 \u00een Uniunea European\u0103. Prin urmare, Comitetul European al Regiunilor (CoR) a salutat propunerea de directiv\u0103 a Comisiei Europene care urm\u0103re\u0219te s\u0103 ofere un cadru pentru stabilirea unor salarii minime adecvate , respect\u00e2nd \u00een acela\u0219i timp legisla\u021bia na\u021bional\u0103 existent\u0103 \u0219i rolul partenerilor sociali. Avizul CoR elaborat de Peter Kaiser (AT-PSE), guvernatorul landului Carintia, a fost adoptat s\u0103pt\u0103m\u00e2na aceasta, dup\u0103 o dezbatere cu un reprezentant al Pre\u0219edin\u021biei portugheze a Consiliului.<\/span><\/p>\n<p><span style=\"font-weight: 400;\">\u00cen ultimii ani, s-a \u00eenregistrat o cre\u0219tere a inegalit\u0103\u021bii salariale \u00een multe state membre: procentul lucr\u0103torilor expu\u0219i riscului de s\u0103r\u0103cie a crescut de la 8,3 % \u00een 2010 la 9,3 % \u00een 2018. \u00cen plus, pandemia de COVID-19 a avut un impact negativ asupra salariilor lucr\u0103torilor, fiind afecta\u021bi \u00een special cei cu cele mai mici venituri. Prin urmare, CoR solicit\u0103 lansarea unui proces de convergen\u021b\u0103 \u00een vederea atingerii unui prag mai sc\u0103zut, de cel pu\u021bin 60 % din salariul median brut cu norm\u0103 \u00eentreag\u0103 de la nivel na\u021bional, \u0219i de 50 % din salariul mediu brut cu norm\u0103 \u00eentreag\u0103 la nivel na\u021bional \u00een toate statele membre \u00een care este prev\u0103zut un salariu minim legal. De asemenea, \u00eendeamn\u0103 Comisia s\u0103 sprijine at\u00e2t viitoarea consolidare a capacit\u0103\u021bilor, c\u00e2t \u0219i autonomia partenerilor sociali la nivel european \u0219i na\u021bional.<\/span><\/p>\n<p><span style=\"font-weight: 400;\">Prim-vicepre\u0219edintele Comitetului European al Regiunilor, Vasco Cordeiro , a declarat: \u201eAsigur\u00e2nd salarii minime adecvate \u00een UE, facem \u00eenc\u0103 un pas \u00een direc\u021bia eradic\u0103rii s\u0103r\u0103ciei persoanelor \u00eencadrate \u00een munc\u0103 \u0219i a reducerii s\u0103r\u0103ciei, \u00een general. Autorit\u0103\u021bile locale \u0219i regionale se afl\u0103 \u00eentr-o pozi\u021bie-cheie \u00een ceea ce prive\u0219te asigurarea respect\u0103rii, promovarea \u0219i monitorizarea directivei propuse. \u00cempreun\u0103 cu Planul de ac\u021biune pentru punerea \u00een aplicare a Pilonului european al drepturilor sociale \u0219i Summitul social de la Porto, directiva va confirma faptul c\u0103 UE acord\u0103 o aten\u021bie deosebit\u0103 cet\u0103\u021benilor s\u0103i, dimensiunii sale sociale \u0219i redres\u0103rii \u00een urma pandemiei\u201d.<\/span><\/p>\n<p><span style=\"font-weight: 400;\">Miguel Cabrita , ministrul adjunct portughez al muncii \u0219i form\u0103rii profesionale, a declarat: \u201eCu to\u021bii consider\u0103m c\u0103 asigurarea unor salarii adecvate pentru lucr\u0103torii din Uniunea European\u0103 este esen\u021bial\u0103 pentru a garanta condi\u021bii de munc\u0103 \u0219i de via\u021b\u0103 adecvate, precum \u0219i pentru a construi economii \u0219i societ\u0103\u021bi echitabile \u0219i reziliente. Salariile adecvate reprezint\u0103 o component\u0103 esen\u021bial\u0103 a modelului social european. Cu to\u021bii sus\u021binem ideea c\u0103 munca trebuie s\u0103 merite efortul \u0219i suntem de acord cu obiectivele de asigurare a unor salarii minime adecvate \u00een \u00eentreaga UE, fie prin lege, fie prin negocieri colective, respect\u00e2nd sistemele na\u021bionale \u0219i autonomia partenerilor sociali.\u201d<\/span><\/p>\n<p><span style=\"font-weight: 400;\">De\u0219i doar foarte pu\u021bine regiuni din UE au competen\u021be legislative pentru a stabili salarii minime, ele au un rol esen\u021bial \u00een negocierea contractelor colective regionale, \u00een calitate de angajatori, \u0219i \u00een atribuirea contractelor de achizi\u021bii publice, ceea ce ar trebui s\u0103 asigure respectarea de c\u0103tre operatorii economici a condi\u021biilor de remunerare aplicabile \u0219i respectarea dreptului la negociere colectiv\u0103. \u00cen acela\u0219i timp, avizul CoR solicit\u0103 combaterea s\u0103r\u0103ciei persoanelor \u00eencadrate \u00een munc\u0103 printr-o abordare multidimensional\u0103, care s\u0103 ia \u00een considerare al\u021bi factori, cum ar fi sistemul fiscal, ini\u021biativele \u00een materie de formare, nivelul presta\u021biilor sociale \u0219i politicile de ocupare a for\u021bei de munc\u0103.<\/span><\/p>\n<p><span style=\"font-weight: 400;\">Raportorul Peter Kaiser (AT-PSE), guvernatorul landului Carintia, a declarat: \u201eSalariile minime decente reprezint\u0103 un element important al Pilonului european al drepturilor sociale. Contribu\u021bia persoanelor cu venituri mici la societ\u0103\u021bile noastre \u00een timpul crizei provocate de pandemia de COVID-19 merit\u0103 recunoa\u0219tere, dar, mai ales, o ac\u021biune concret\u0103. Este urgent necesar s\u0103 se combat\u0103 s\u0103r\u0103cia persoanelor \u00eencadrate \u00een munc\u0103 \u0219i spirala descendent\u0103 a concuren\u021bei nes\u0103n\u0103toase \u00een ceea ce prive\u0219te costul for\u021bei de munc\u0103. Pentru ca munca prestat\u0103 \u00een UE s\u0103 aduc\u0103 beneficii tuturor, avem nevoie de un obiectiv obligatoriu privind salariul minim, care s\u0103 reprezinte simultan cel pu\u021bin 60 % din salariul median brut de la nivel na\u021bional \u0219i 50 % din salariul mediu brut la nivel na\u021bional. Acest proces de convergen\u021b\u0103 trebuie s\u0103 respecte sistemele na\u021bionale existente de stabilire a salariilor \u0219i autonomia partenerilor sociali.\u201d<\/span><\/p>\n<p><span style=\"font-weight: 400;\">Csaba Borboly, pre\u0219edintele Consiliului Jude\u021bean Harghita a declarat: \u201eSalariul minim este compensarea muncii depuse \u0219i a orelor lucrate. Trebuie s\u0103 \u021binem cont de acest lucru pentru a proteja at\u00e2t drepturile lucr\u0103torilor, c\u00e2t \u0219i ale angajatorilor. \u201d<\/span><\/p>\n<p><span style=\"font-weight: 400;\">Informa\u021bii suplimentare:<\/span><\/p>\n<p><span style=\"font-weight: 400;\">Asigurarea unor salarii minime adecvate pentru to\u021bi lucr\u0103torii este unul dintre cele 20 de principii ale Pilonului european al drepturilor sociale . La 4 martie, Comisia European\u0103 a prezentat un plan de ac\u021biune pentru accelerarea punerii sale \u00een aplicare \u0219i pentru preg\u0103tirea terenului pentru Summitul social al UE de la Porto, din 7-8 mai.<\/span><\/p>\n<p><span style=\"font-weight: 400;\">S\u0103pt\u0103m\u00e2na aceasta, CoR a publicat un nou studiu , care analizeaz\u0103 dimensiunea local\u0103 \u0219i regional\u0103 a salariilor minime \u00een Europa. Concluzia este c\u0103 dezechilibrele dintre regiuni pot anula bunele inten\u021bii ale politicilor privind salariul minim. De exemplu, \u00een multe regiuni-capital\u0103 cu un cost de trai ridicat, salariul minim la nivel na\u021bional nu garanteaz\u0103 un venit decent. \u00cen plus, \u00een UE exist\u0103 regiuni frontaliere \u00een care salariile minime sunt semnificativ diferite, ceea ce poate avea consecin\u021be asupra pie\u021bei for\u021bei de munc\u0103 de ambele p\u0103r\u021bi ale frontierei. Studiul sugereaz\u0103 dezvoltarea unor evalu\u0103ri regionale ale \u201evenitului de subzisten\u021b\u0103\u201d ca baz\u0103 pentru valorile de referin\u021b\u0103 \u0219i subliniaz\u0103 rolul esen\u021bial al autorit\u0103\u021bilor locale \u0219i regionale \u00een monitorizarea \u0219i promovarea obiectivelor noii directive.<\/span><\/p>\n","protected":false},"excerpt":{"rendered":"<p>CoR sprijin\u0103 proiectul de directiv\u0103 privind salariile minime adecvate \u00een UE Regiunile \u0219i ora\u0219ele consider\u0103 c\u0103 combaterea s\u0103r\u0103ciei persoanelor \u00eencadrate \u00een munc\u0103 \u0219i asigurarea convergen\u021bei ascendente a salariilor minime sunt condi\u021bii prealabile pentru o economie de pia\u021b\u0103 social\u0103, echitabil\u0103 \u0219i durabil\u0103 \u00een Uniunea European\u0103. Prin urmare, Comitetul European al Regiunilor (CoR) a salutat propunerea de [&hellip;]<\/p>\n","protected":false},"author":1,"featured_media":1004,"comment_status":"open","ping_status":"closed","sticky":false,"template":"","format":"standard","meta":{"_bbp_topic_count":0,"_bbp_reply_count":0,"_bbp_total_topic_count":0,"_bbp_total_reply_count":0,"_bbp_voice_count":0,"_bbp_anonymous_reply_count":0,"_bbp_topic_count_hidden":0,"_bbp_reply_count_hidden":0,"_bbp_forum_subforum_count":0,"footnotes":""},"categories":[84],"tags":[],"_links":{"self":[{"href":"https:\/\/cor.borbolycsaba.ro\/ro\/index.php?rest_route=\/wp\/v2\/posts\/1003"}],"collection":[{"href":"https:\/\/cor.borbolycsaba.ro\/ro\/index.php?rest_route=\/wp\/v2\/posts"}],"about":[{"href":"https:\/\/cor.borbolycsaba.ro\/ro\/index.php?rest_route=\/wp\/v2\/types\/post"}],"author":[{"embeddable":true,"href":"https:\/\/cor.borbolycsaba.ro\/ro\/index.php?rest_route=\/wp\/v2\/users\/1"}],"replies":[{"embeddable":true,"href":"https:\/\/cor.borbolycsaba.ro\/ro\/index.php?rest_route=%2Fwp%2Fv2%2Fcomments&post=1003"}],"version-history":[{"count":1,"href":"https:\/\/cor.borbolycsaba.ro\/ro\/index.php?rest_route=\/wp\/v2\/posts\/1003\/revisions"}],"predecessor-version":[{"id":1005,"href":"https:\/\/cor.borbolycsaba.ro\/ro\/index.php?rest_route=\/wp\/v2\/posts\/1003\/revisions\/1005"}],"wp:featuredmedia":[{"embeddable":true,"href":"https:\/\/cor.borbolycsaba.ro\/ro\/index.php?rest_route=\/wp\/v2\/media\/1004"}],"wp:attachment":[{"href":"https:\/\/cor.borbolycsaba.ro\/ro\/index.php?rest_route=%2Fwp%2Fv2%2Fmedia&parent=1003"}],"wp:term":[{"taxonomy":"category","embeddable":true,"href":"https:\/\/cor.borbolycsaba.ro\/ro\/index.php?rest_route=%2Fwp%2Fv2%2Fcategories&post=1003"},{"taxonomy":"post_tag","embeddable":true,"href":"https:\/\/cor.borbolycsaba.ro\/ro\/index.php?rest_route=%2Fwp%2Fv2%2Ftags&post=1003"}],"curies":[{"name":"wp","href":"https:\/\/api.w.org\/{rel}","templated":true}]}}