{"id":1000,"date":"2021-03-18T07:27:04","date_gmt":"2021-03-18T07:27:04","guid":{"rendered":"https:\/\/cor.borbolycsaba.ro\/ro\/?p=1000"},"modified":"2021-03-18T07:27:04","modified_gmt":"2021-03-18T07:27:04","slug":"cor-solicita-luarea-de-masuri-deoarece-pandemia-mareste-disparitatea-de-gen-iar-femeile-reprezinta-doar-30-din-cei-1-milion-de-politicieni-de-la-nivel-local-din-ue","status":"publish","type":"post","link":"https:\/\/cor.borbolycsaba.ro\/ro\/?p=1000","title":{"rendered":"CoR solicit\u0103 luarea de m\u0103suri, deoarece pandemia m\u0103re\u0219te disparitatea de gen, iar femeile reprezint\u0103 doar 30 % din cei 1 milion de politicieni de la nivel local din UE"},"content":{"rendered":"<p><i><span style=\"font-weight: 400;\">La manifestarea organizat\u0103 de CoR cu ocazia Zilei Interna\u021bionale a Femeii, liderii locali \u0219i regionali discut\u0103 despre tendin\u021bele problematice \u0219i solicit\u0103 m\u0103suri concrete de sprijinire a implic\u0103rii femeilor \u00een politic\u0103<\/span><\/i><span style=\"font-weight: 400;\">\u00a0<\/span><\/p>\n<p><b>Femeile au fost afectate \u00een mod dispropor\u021bionat de pandemia de COVID-19: ele prezint\u0103 un risc mai mare de expunere la virus \u00een calitate de lucr\u0103toare \u00een domeniul s\u0103n\u0103t\u0103\u021bii \u0219i al \u00eengrijirii, iar \u00eencadrarea lor \u00een munc\u0103 a fost afectat\u0103 mai grav dec\u00e2t \u00een cazul b\u0103rba\u021bilor, cu poten\u021biale efecte pe termen lung asupra remuner\u0103rii \u0219i carierei. M\u0103surile de izolare au m\u0103rit decalajul existent \u00eentre femei \u0219i b\u0103rba\u021bi \u00een ceea ce prive\u0219te activit\u0103\u021bile de \u00eengrijire neremunerate, au condus la o cre\u0219tere a violen\u021bei domestice \u00eempotriva femeilor \u0219i au perturbat accesul la serviciile de asisten\u021b\u0103.<\/b><span style=\"font-weight: 400;\">\u00a0<\/span><\/p>\n<p><b>Faptul c\u0103 femeile sunt subreprezentate \u00een politica regional\u0103 \u0219i local\u0103 continu\u0103 \u0219i el s\u0103 fie alarmant<\/b><span style=\"font-weight: 400;\"> , femeile reprezent\u00e2nd doar 30\u00a0% din cei 1 milion de politicieni de la nivel local \u0219i regional din UE. Numai 17,2\u00a0% dintre primarii ale\u0219i, 34,1\u00a0% dintre membrii parlamentelor \u0219i adun\u0103rilor regionale \u0219i aproximativ 36\u00a0% dintre membrii administra\u021biilor regionale sunt femei.\u00a0<\/span><\/p>\n<p><b>Aceste tendin\u021be \u0219i cifre \u00eengrijor\u0103toare au fost discutate \u00een cadrul evenimentului \u201ePentru un num\u0103r mai mare de femei \u00een politic\u0103\u201d, organizat de Comitetul European al Regiunilor (CoR) cu ocazia <\/b><a href=\"https:\/\/www.un.org\/en\/observances\/womens-day\"><b>Zilei Interna\u021bionale a Femeii<\/b> <\/a><span style=\"font-weight: 400;\">. \u00cen timpul conferin\u021bei, Institutul European pentru Egalitatea de \u0218anse \u00eentre Femei \u0219i B\u0103rba\u021bi a prezentat principalele constat\u0103ri ale <\/span><a href=\"https:\/\/eige.europa.eu\/gender-equality-index\/2020\"><b>indicelui egalit\u0103\u021bii de gen 2020<\/b> <\/a><span style=\"font-weight: 400;\">, pun\u00e2nd un accent deosebit pe ponderea \u00een sfera politic\u0103 local\u0103 \u0219i regional\u0103. Cifrele arat\u0103 o subreprezentare inacceptabil\u0103 a femeilor \u00een politica regional\u0103 \u0219i local\u0103. Datele furnizate de <\/span><a href=\"https:\/\/cor.europa.eu\/ro\/our-work\/Pages\/EURegionalBarometer-2020.aspx\"><span style=\"font-weight: 400;\">Barometrul regional \u0219i local al CoR <\/span><\/a><span style=\"font-weight: 400;\">au fost \u0219i ele evocate, pentru a ilustra modul \u00een care pandemia are un impact negativ asupra egalit\u0103\u021bii de gen.\u00a0<\/span><\/p>\n<p><span style=\"font-weight: 400;\">Pre\u0219edintele \u0219i membrii CoR, deputa\u021bii \u00een Parlamentul European \u0219i participan\u021bii la Programul CoR pentru tinerii politicieni ale\u0219i (YEP) au subliniat necesitatea urgent\u0103 de a aborda aceste chestiuni esen\u021biale. Ace\u0219tia au solicitat tuturor nivelurilor de guvernan\u021b\u0103 \u2013 european, na\u021bional, regional \u0219i local \u2013 <\/span><b>s\u0103 depun\u0103 mai multe eforturi pentru a elimina disparitatea de gen \u00een politic\u0103, pentru a aborda problema violen\u021bei \u00eempotriva femeilor alese \u00een func\u021bii politice \u0219i a femeilor \u00een via\u021ba public\u0103, dar \u0219i pentru a combate toate formele de atacuri sexiste care vizeaz\u0103 femeile<\/b><span style=\"font-weight: 400;\"> .\u00a0<\/span><\/p>\n<p><span style=\"font-weight: 400;\">\u00cen discursul s\u0103u de deschidere, pre\u0219edintele Comitetului European al Regiunilor \u0219i guvernatorul regiunii Macedonia Central\u0103, <\/span><a href=\"https:\/\/cor.europa.eu\/ro\/about\/president\/Pages\/president.aspx\"><b>Apostolos Tzitzikostas<\/b> <\/a><span style=\"font-weight: 400;\">, a afirmat: <\/span><i><span style=\"font-weight: 400;\">\u201eTrebuie s\u0103 lu\u0103m m\u0103suri concrete de organizare \u0219i sprijinire a ini\u021biativelor de capacitare a femeilor \u00eenaintea alegerilor locale \u0219i regionale, pentru a dep\u0103\u0219i discriminarea \u0219i obstacolele cu care ele se confrunt\u0103.<\/span><\/i> <i><span style=\"font-weight: 400;\">Este, de asemenea, esen\u021bial ca femeile s\u0103 fie sprijinite s\u0103 candideze la alegerile locale \u0219i regionale. De\u0219i pandemia afecteaz\u0103 adesea mai mult femeile, nu trebuie s\u0103 l\u0103s\u0103m criza s\u0103 ne \u00eendep\u0103rteze de la necesitatea de a \u00eembun\u0103t\u0103\u021bi egalitatea de gen \u0219i de a cre\u0219te participarea femeilor la procesul decizional. Aceasta presupune angajarea tuturor talentelor de care dispunem, at\u00e2t \u00een r\u00e2ndul femeilor, c\u00e2t \u0219i al b\u0103rba\u021bilor, \u00een egal\u0103 m\u0103sur\u0103, pentru o societate mai bun\u0103. Acest lucru trebuie s\u0103 fie valabil \u0219i pentru comitetele noastre \u0219i contez pe to\u021bi membrii no\u0219tri \u0219i pe familiile lor politice s\u0103 colaboreze cu asocia\u021biile \u0219i delega\u021biile na\u021bionale care reprezint\u0103 cele 27 de state membre, pentru a \u00eembun\u0103t\u0103\u021bi \u00een mod drastic echilibrul de gen al listelor membrilor\u201d.<\/span><\/i><span style=\"font-weight: 400;\">\u00a0<\/span><\/p>\n<p><span style=\"font-weight: 400;\">Pre\u0219edinta Guvernului Comunit\u0103\u021bii autonome La Rioja, <\/span><a href=\"https:\/\/cor.europa.eu\/ro\/Members\/Pages\/memberprofile.aspx?MemberId=2037720\"><b>Concepci\u00f3n Andreu Rodr\u00edguez<\/b> <\/a><span style=\"font-weight: 400;\">(ES-PSE), a analizat problema absen\u021bei femeilor din cele mai \u00eenalte func\u021bii politice. <\/span><i><span style=\"font-weight: 400;\">\u201e\u00cen ciuda faptului c\u0103 45\u00a0% dintre membrii parlamentelor regionale sunt femei, exist\u0103 doar 4 femei pre\u0219edinte \u00een r\u00e2ndul celor 17 comunit\u0103\u021bi spaniole autonome. \u00cen La\u00a0Rioja, a fost nevoie de 38 de ani pentru ca o femeie s\u0103 ajung\u0103 s\u0103 conduc\u0103 guvernul\u201d. <\/span><\/i><span style=\"font-weight: 400;\">Dna Andreu a sus\u021binut c\u0103 <\/span><i><span style=\"font-weight: 400;\">\u201einer\u021bia partidelor politice, lipsa modelelor feminine \u0219i dificult\u0103\u021bile de a ob\u021bine un echilibru adecvat \u00eentre via\u021ba profesional\u0103 \u0219i cea privat\u0103\u201d<\/span><\/i><span style=\"font-weight: 400;\"> sunt obstacole care \u00eempiedic\u0103 o prezen\u021b\u0103 mai mare a femeilor \u00een politic\u0103.\u00a0<\/span><\/p>\n<p><a href=\"https:\/\/cor.europa.eu\/ro\/about\/vice-president\/Pages\/first-vice-president.aspx\"><b>Vasco Alves Cordeiro<\/b> <\/a><span style=\"font-weight: 400;\">, vicepre\u0219edinte al Comitetului European al Regiunilor \u0219i membru al Parlamentului Regiunii Azore, a declarat: <\/span><i><span style=\"font-weight: 400;\">\u201ePrezen\u021ba unui num\u0103r mai mare de femei \u00een politic\u0103 ar aduce beneficii enorme la toate nivelurile de guvernare. De\u021binerea de c\u0103tre femei a unui rol de lider este esen\u021bial pentru a crea societ\u0103\u021bi mai juste \u0219i mai echitabile pentru to\u021bi. Pandemia de COVID-19 afecteaz\u0103 mai mult femeile dec\u00e2t b\u0103rba\u021bii, astfel \u00eenc\u00e2t trebuie s\u0103 ne asigur\u0103m c\u0103 redresarea va impulsiona egalitatea, cu o capacitare economic\u0103 real\u0103 \u0219i investi\u021bii \u00een economia serviciilor de \u00eengrijire. Nu putem a\u0219tepta \u00eenc\u0103 o sut\u0103 de ani; egalitatea de gen trebuie s\u0103 devin\u0103 realitate acum\u201d.<\/span><\/i><span style=\"font-weight: 400;\">\u00a0<\/span><\/p>\n<p><span style=\"font-weight: 400;\">Participan\u021bii au discutat despre modalit\u0103\u021bile de implicare activ\u0103 a politicienilor de la nivel local \u0219i regional pentru a consolida paritatea de gen \u0219i pentru a aborda obstacolele cu care se confrunt\u0103 femeile \u00een ceea ce prive\u0219te intrarea \u00een politic\u0103, precum \u0219i de a identifica m\u0103suri \u0219i idei pentru eliminarea disparit\u0103\u021bii de gen. <\/span><b>O serie de tineri politicieni ale\u0219i \u0219i-au \u00eemp\u0103rt\u0103\u0219it experien\u021bele<\/b><span style=\"font-weight: 400;\"> de la nivel local \u0219i regional cu privire la egalitatea de gen \u0219i democra\u021bia paritar\u0103. <\/span><b>Exper\u021bii \u00een combaterea dezinform\u0103rii \u0219i a discursurilor online de incitare la ur\u0103 au ar\u0103tat \u00een ce mod pot reac\u021biona, \u00een mod eficace \u0219i structurat, femeile angajate \u00een politic\u0103 la violen\u021ba online bazat\u0103 pe gen.<\/b><span style=\"font-weight: 400;\">\u00a0<\/span><\/p>\n<p><b>Context:<\/b><span style=\"font-weight: 400;\">\u00a0<\/span><\/p>\n<p><span style=\"font-weight: 400;\">Evenimentul face parte dintr-o ini\u021biativ\u0103 lansat\u0103 \u00een 2020 de Comitetul European al Regiunilor, de promovare a echilibrului de gen \u00een politica \u0219i procesul decizional de la nivel local \u0219i regional, de sensibilizare \u0219i de promovare a schimbului de bune practici.\u00a0<\/span><\/p>\n<p><span style=\"font-weight: 400;\">Comitetul European al Regiunilor, \u00een calitate de adunare a politicienilor de la nivel local \u0219i regional din UE, a luat m\u0103suri pentru a asigura echilibrul de gen \u00een reprezentarea \u0219i participarea politic\u0103, ca principiu de egalitate \u0219i democra\u021bie, prin adoptarea <\/span><a href=\"https:\/\/api2016.eesc.europa.eu\/v1\/documents\/cor-2019-00269-06-01-nb-tra-ro.docx\/content\"><b>\u201eStrategiei de asigurare a echilibrului de gen \u00een componen\u021ba CoR\u201d<\/b> <\/a><span style=\"font-weight: 400;\">\u0219i a <\/span><a href=\"https:\/\/cor.europa.eu\/ro\/our-work\/Pages\/OpinionTimeline.aspx?opId=CDR-2016-2020\"><b>avizului CoR pe tema \u201eO Uniune a egalit\u0103\u021bii: Strategia privind egalitatea de gen 2020-2025\u201d<\/b> <\/a><span style=\"font-weight: 400;\">.\u00a0<\/span><\/p>\n<p><a href=\"https:\/\/www.un.org\/en\/observances\/womens-day\/background\"><b>Ziua Interna\u021bional\u0103 a Femeii<\/b> <\/a><span style=\"font-weight: 400;\">este s\u0103rb\u0103torit\u0103 \u00een multe \u021b\u0103ri din \u00eentreaga lume. Este o zi \u00een care se acord\u0103 recunoa\u0219tere realiz\u0103rilor femeilor, f\u0103r\u0103 a \u021bine seama de diviziunile na\u021bionale, etnice, lingvistice, culturale, economice sau politice. De la primii ani \u00een care a fost s\u0103rb\u0103torit\u0103 \u0219i p\u00e2n\u0103 acum, Ziua Interna\u021bional\u0103 a Femeii a c\u0103p\u0103tat o nou\u0103 dimensiune global\u0103, at\u00e2t pentru femeile din \u021b\u0103rile dezvoltate, c\u00e2t \u0219i pentru cele din \u021b\u0103rile \u00een curs de dezvoltare. Mi\u0219carea interna\u021bional\u0103 a femeilor, care a fost consolidat\u0103 prin patru conferin\u021be mondiale ale ONU privind femeile, a contribuit la transformarea zilei festive \u00eentr-un punct de atrac\u021bie pentru consolidarea sprijinului \u00een favoarea drepturilor femeilor \u0219i a particip\u0103rii lor pe scena politic\u0103 \u0219i economic\u0103. Recunoscut\u0103 oficial de Organiza\u021bia Na\u021biunilor Unite \u00een 1977, Ziua Interna\u021bional\u0103 a Femeii s-a profilat mai \u00eent\u00e2i plec\u00e2nd de la activit\u0103\u021bile mi\u0219c\u0103rilor muncitore\u0219ti de la \u00eenceputul secolului al XX-lea, din America de Nord \u0219i din \u00eentreaga Europ\u0103.\u00a0<\/span><\/p>\n<p><span style=\"font-weight: 400;\">Tema din acest an a Zilei interna\u021bionale, \u201e <\/span><a href=\"https:\/\/www.unwomen.org\/en\/news\/stories\/2020\/11\/announcer-international-womens-day-2021\"><b>Femeile \u00een func\u021bii de conducere: asigurarea unui viitor egal \u00eentr-o lume marcat\u0103 de pandemia de COVID-19<\/b> <\/a><span style=\"font-weight: 400;\">\u201d, celebreaz\u0103 eforturile uria\u0219e ale femeilor \u0219i fetelor din toat\u0103 lumea \u00een ceea ce prive\u0219te conturarea unui viitor mai echitabil \u0219i redresarea \u00een urma pandemiei de COVID-19.\u00a0<\/span><\/p>\n<p><span style=\"font-weight: 400;\">Mai multe informa\u021bii generale pot fi g\u0103site \u00een urm\u0103toarele publica\u021bii:\u00a0<\/span><\/p>\n<p><b>\u22c5<\/b> <a href=\"https:\/\/cor.europa.eu\/en\/events\/Documents\/CoR%20President%20speech%20at%20Confererence%20More%20women%20in%20politics%202021.pdf\"><b>Discursul pre\u0219edintelui CoR la Conferin\u021ba \u201ePentru un num\u0103r mai mare de femei \u00een politic\u0103\u201d, 2021<\/b><span style=\"font-weight: 400;\">\u00a0<\/span><\/a><\/p>\n<p><b>\u22c5<\/b> <a href=\"https:\/\/cor.europa.eu\/ro\/our-work\/Pages\/OpinionTimeline.aspx?opId=CDR-2016-2020\"><b>Avizul CoR pe tema \u201eO Uniune a egalit\u0103\u021bii: Strategia privind egalitatea de gen 2020-2025\u201d<\/b><span style=\"font-weight: 400;\">\u00a0<\/span><\/a><\/p>\n<p><b>\u22c5<\/b> <a href=\"https:\/\/api2016.eesc.europa.eu\/v1\/documents\/cor-2019-00269-06-01-nb-tra-ro.docx\/content\"><b>Strategia de asigurare a echilibrului de gen \u00een componen\u021ba CoR<\/b><span style=\"font-weight: 400;\">\u00a0<\/span><\/a><\/p>\n<p><b>\u22c5<\/b> <a href=\"https:\/\/cor.europa.eu\/ro\/engage\/Pages\/gender-balance.aspx\"><b>Ini\u021biativa CoR \u201ePentru un num\u0103r mai mare de femei \u00een politic\u0103\u201d<\/b><span style=\"font-weight: 400;\">\u00a0<\/span><\/a><\/p>\n<p><b>\u22c5<\/b> <a href=\"https:\/\/eige.europa.eu\/gender-equality-index\/2020\"><b>Institutul European pentru Egalitatea de \u0218anse \u00eentre Femei \u0219i B\u0103rba\u021bi: Indicele egalit\u0103\u021bii de gen 2020<\/b><span style=\"font-weight: 400;\">\u00a0<\/span><\/a><\/p>\n<p><b>\u22c5<\/b> <a href=\"https:\/\/urbact.eu\/gender-equal-cities\"><b>URBACT: Ora\u0219ele \u00een favoarea egalit\u0103\u021bii de gen<\/b><span style=\"font-weight: 400;\">\u00a0<\/span><\/a><\/p>\n<p><b>\u22c5<\/b> <a href=\"https:\/\/lnks.gd\/l\/eyJhbGciOiJIUzI1NiJ9.eyJidWxsZXRpbl9saW5rX2lkIjoxMDAsInVyaSI6ImJwMjpjbGljayIsImJ1bGxldGluX2lkIjoiMjAyMTAzMDMuMzYyNjc1ODEiLCJ1cmwiOiJodHRwczovL3d3dy5ldXJvcGFybC5ldXJvcGEuZXUvdGhpbmt0YW5rL2VuL2RvY3VtZW50Lmh0bWw_cmVmZXJlbmNlPUlQT0xfU1RVKDIwM\"><b>Studiu \u2013 Diferen\u021ba de gen \u00een ceea ce prive\u0219te ocuparea for\u021bei de munc\u0103 \u0219i pozi\u021biile de conducere \u00een sectorul public al UE \u2013 2 martie 2021<\/b><span style=\"font-weight: 400;\">\u00a0<\/span><\/a><\/p>\n<p><b>\u22c5<\/b> <a href=\"https:\/\/www.europarl.europa.eu\/RegData\/etudes\/BRIE\/2021\/689345\/EPRS_BRI(2021)689345_EN.pdf\"><b>Femeile \u00een politic\u0103 \u00een UE: situa\u021bia actual\u0103:<\/b><span style=\"font-weight: 400;\">\u00a0<\/span><\/a><\/p>\n<p><b>\u22c5<\/b> <a href=\"https:\/\/www.europarl.europa.eu\/committees\/ro\/femm\/international-women-day\"><b>4 martie 2021: Evenimentul Parlamentului European pe tema \u201eEmanciparea femeilor \u0219i rolul de lider al acestora \u00eentr-o perioad\u0103 afectat\u0103 de pandemia de COVID-19\u201d.<\/b><span style=\"font-weight: 400;\">\u00a0<\/span><\/a><\/p>\n<p><b>\u22c5<\/b> <a href=\"https:\/\/cor.europa.eu\/ro\/news\/Pages\/The-COVID-19-crisis-has-brought-into-sharp-relief-inequalities-between-women-and-men.aspx\"><b>Interviu cu dna Concha\u00a0Andreu (ES-PSE), raportoarea CoR pentru Strategia UE privind egalitatea de gen<\/b><span style=\"font-weight: 400;\">\u00a0<\/span><\/a><\/p>\n","protected":false},"excerpt":{"rendered":"<p>La manifestarea organizat\u0103 de CoR cu ocazia Zilei Interna\u021bionale a Femeii, liderii locali \u0219i regionali discut\u0103 despre tendin\u021bele problematice \u0219i solicit\u0103 m\u0103suri concrete de sprijinire a implic\u0103rii femeilor \u00een politic\u0103\u00a0 Femeile au fost afectate \u00een mod dispropor\u021bionat de pandemia de COVID-19: ele prezint\u0103 un risc mai mare de expunere la virus \u00een calitate de lucr\u0103toare [&hellip;]<\/p>\n","protected":false},"author":1,"featured_media":1001,"comment_status":"open","ping_status":"closed","sticky":false,"template":"","format":"standard","meta":{"_bbp_topic_count":0,"_bbp_reply_count":0,"_bbp_total_topic_count":0,"_bbp_total_reply_count":0,"_bbp_voice_count":0,"_bbp_anonymous_reply_count":0,"_bbp_topic_count_hidden":0,"_bbp_reply_count_hidden":0,"_bbp_forum_subforum_count":0,"footnotes":""},"categories":[84],"tags":[],"_links":{"self":[{"href":"https:\/\/cor.borbolycsaba.ro\/ro\/index.php?rest_route=\/wp\/v2\/posts\/1000"}],"collection":[{"href":"https:\/\/cor.borbolycsaba.ro\/ro\/index.php?rest_route=\/wp\/v2\/posts"}],"about":[{"href":"https:\/\/cor.borbolycsaba.ro\/ro\/index.php?rest_route=\/wp\/v2\/types\/post"}],"author":[{"embeddable":true,"href":"https:\/\/cor.borbolycsaba.ro\/ro\/index.php?rest_route=\/wp\/v2\/users\/1"}],"replies":[{"embeddable":true,"href":"https:\/\/cor.borbolycsaba.ro\/ro\/index.php?rest_route=%2Fwp%2Fv2%2Fcomments&post=1000"}],"version-history":[{"count":1,"href":"https:\/\/cor.borbolycsaba.ro\/ro\/index.php?rest_route=\/wp\/v2\/posts\/1000\/revisions"}],"predecessor-version":[{"id":1002,"href":"https:\/\/cor.borbolycsaba.ro\/ro\/index.php?rest_route=\/wp\/v2\/posts\/1000\/revisions\/1002"}],"wp:featuredmedia":[{"embeddable":true,"href":"https:\/\/cor.borbolycsaba.ro\/ro\/index.php?rest_route=\/wp\/v2\/media\/1001"}],"wp:attachment":[{"href":"https:\/\/cor.borbolycsaba.ro\/ro\/index.php?rest_route=%2Fwp%2Fv2%2Fmedia&parent=1000"}],"wp:term":[{"taxonomy":"category","embeddable":true,"href":"https:\/\/cor.borbolycsaba.ro\/ro\/index.php?rest_route=%2Fwp%2Fv2%2Fcategories&post=1000"},{"taxonomy":"post_tag","embeddable":true,"href":"https:\/\/cor.borbolycsaba.ro\/ro\/index.php?rest_route=%2Fwp%2Fv2%2Ftags&post=1000"}],"curies":[{"name":"wp","href":"https:\/\/api.w.org\/{rel}","templated":true}]}}